{"id":6854,"date":"2020-07-06T22:07:58","date_gmt":"2020-07-06T22:07:58","guid":{"rendered":"http:\/\/dig-stuttgart.de\/info\/?p=6854"},"modified":"2020-06-28T06:00:01","modified_gmt":"2020-06-28T06:00:01","slug":"rencontre-maitres-sonneurs","status":"publish","type":"post","link":"https:\/\/dig-stuttgart.de\/info\/2020\/07\/06\/rencontre-maitres-sonneurs\/","title":{"rendered":"Rencontre Maitres Sonneurs"},"content":{"rendered":"<p>Les Ma\u00eetres sonneurs de George Sand, mythes ou r\u00e9alit\u00e9s 36 Sorties  <img decoding=\"async\" src=\"http:\/\/www.unoriginall.cf\/media\/catalog\/product\/cache\/9\/image\/450x\/040ec09b1e35df139433887a97daa66f\/jpg\/003856\/WEB\/TSH_WEB\/1_003856_MOSKISTOP-X2.jpg\" alt=\"rencontre maitres sonneurs\" align=\"left\"> Annales Litteraires de Luniversite de Besancon, Volume 0 A lorigine, nous avions pr\u00e9vu de nous arr\u00eater \u00e0 Pouligny Saint-Martin le vendredi soir pour atteindre La Ch\u00e2tre le samedi. Peillac f\u00eate, le 14 ao\u00fbt, sa 11e Nuit des ma\u00eetres sonneurs. Une soir\u00e9e de musique traditionnelle en duos libres pour appuyer les jeunes musiciens et montrer la vivacit\u00e9 du r\u00e9pertoire breton. <img decoding=\"async\" src=\"http:\/\/musette.free.fr\/stchart\/images\/2008\/quintet06.jpg\" alt=\"rencontre maitres sonneurs\" align=\"right\"> 2018 premi\u00e8re mise en ligne, 2018 22 mai, journ\u00e9e d\u00e9tudes R\u00e9union pour le maintien des Rencontres Luthiers et Ma\u00eetres Sonneurs Dans le seul livre \u00e9crit par Alain-Fournier le Grand Meaulnes, on retrouve les sites de la chapelle Ste Agathe en Pays dHuriel et cest ce chemin qui relie les 3 \u00e9crivains : St-Sauvier Achille Allier, Les Ma\u00eetres Sonneurs George Sand et St-D\u00e9sir\u00e9 avec Alain-Fournier. Toutes nos locations des g\u00eetes et chambres dh\u00f4tes dans lAllier en AUVERGNE situ\u00e9es dans un rayon de 30 km autour du Mus\u00e9e MUPOP \u00e0 Montlu\u00e7on. Encore que la chose f\u00fbt assez \u00e9tonnante, je ne men \u00e9tonnai pas dans le premier moment, et demandai seulement si ce carme \u00e9tait anciennement connu du p\u00e8re Brulet, pour quil e\u00fbt fiance en ses paroles, au sujet de la pension.  Ma\u00eetres sonneurs et luthiers font vibrer Saint-Chartier Ch\u00e2teau en restauration poss\u00e9dant un donjon massif flanqu\u00e9 aux angles.. Confidentialit\u00e9 Cookies : Ce site utilise des cookies. En continuant \u00e0 utiliser ce site, vous acceptez leur utilisation. <img decoding=\"async\" src=\"http:\/\/www.tvskpelsdagboken.cf\/wp-content\/uploads\/2017\/10\/DSC00344-1.jpg\" alt=\"rencontre maitres sonneurs\" align=\"left\"> protection d e s sonneurs d alarme \u00e0 tra ve r s les o b ligat io n s de c o nfidentialit\u00e9.. D\u00e9sesp\u00e8re pas de trouver le programme et la liste des Je veux absolument parvenir au village de Saint-Chartier, pour montrer \u00e0 Nicolas lancien lieu du festival. Nous y parvenons en nous perdant encore un peu et je lui parle du lavoir o\u00f9 se baignaient les enfants, des parquets de danse install\u00e9s derri\u00e8re les remparts et de la valse des croissants invent\u00e9e un matin dans lattente de louverture de la boulangerie, apr\u00e8s une nuit de f\u00eate. Une pr\u00e9cog s\u00e9tire au lavoir Le ch\u00e2teau des ma\u00eetres sonneurs, Saint-Chartier .<\/p>\n","protected":false},"excerpt":{"rendered":"<p>rencontre maitres sonneurs<\/p>\n","protected":false},"author":1,"featured_media":0,"comment_status":"closed","ping_status":"closed","sticky":false,"template":"","format":"standard","meta":{"footnotes":""},"categories":[1],"tags":[],"_links":{"self":[{"href":"https:\/\/dig-stuttgart.de\/info\/wp-json\/wp\/v2\/posts\/6854"}],"collection":[{"href":"https:\/\/dig-stuttgart.de\/info\/wp-json\/wp\/v2\/posts"}],"about":[{"href":"https:\/\/dig-stuttgart.de\/info\/wp-json\/wp\/v2\/types\/post"}],"author":[{"embeddable":true,"href":"https:\/\/dig-stuttgart.de\/info\/wp-json\/wp\/v2\/users\/1"}],"replies":[{"embeddable":true,"href":"https:\/\/dig-stuttgart.de\/info\/wp-json\/wp\/v2\/comments?post=6854"}],"version-history":[{"count":1,"href":"https:\/\/dig-stuttgart.de\/info\/wp-json\/wp\/v2\/posts\/6854\/revisions"}],"predecessor-version":[{"id":6855,"href":"https:\/\/dig-stuttgart.de\/info\/wp-json\/wp\/v2\/posts\/6854\/revisions\/6855"}],"wp:attachment":[{"href":"https:\/\/dig-stuttgart.de\/info\/wp-json\/wp\/v2\/media?parent=6854"}],"wp:term":[{"taxonomy":"category","embeddable":true,"href":"https:\/\/dig-stuttgart.de\/info\/wp-json\/wp\/v2\/categories?post=6854"},{"taxonomy":"post_tag","embeddable":true,"href":"https:\/\/dig-stuttgart.de\/info\/wp-json\/wp\/v2\/tags?post=6854"}],"curies":[{"name":"wp","href":"https:\/\/api.w.org\/{rel}","templated":true}]}}