{"id":6890,"date":"2020-07-06T14:38:23","date_gmt":"2020-07-06T14:38:23","guid":{"rendered":"http:\/\/dig-stuttgart.de\/info\/?p=6890"},"modified":"2020-06-28T06:14:43","modified_gmt":"2020-06-28T06:14:43","slug":"rencontres-les-curieux","status":"publish","type":"post","link":"https:\/\/dig-stuttgart.de\/info\/2020\/07\/06\/rencontres-les-curieux\/","title":{"rendered":"Rencontres Les Curieux"},"content":{"rendered":"<p>Profitez dune balade \u00e0 poney dans le berceau historique des Baronnies, autour des champs de lavande et en sous-bois. Soccuper de son poney, balade \u00e9ducative sur la faune et la flore de notre r\u00e9gion, d\u00e9couverte du travail de la lavande. Une fois connect\u00e9 sur le site, apr\u00e8s s\u00eatre enregistr\u00e9 si besoin, dans la colonne de gauche, cliquer sur D\u00e9p\u00f4ts. Cliquer sur D\u00e9poser un r\u00e9sum\u00e9, puis indiquer le titre de latelier et pr\u00e9ciser \u00e9ventuellement Proposition datelier dans le menu d\u00e9roulant. Plac\u00e9es sous le signe de Thanksgiving, f\u00eate nord-am\u00e9ricaine qui \u00e9voque le rassemblement, le partage et les couleurs de lautomne ; ces Rencontres Nationales proposent deux jours dateliers, de conf\u00e9rences et de moments ludiques. En poursuivant votre navigation sur ce site, vous acceptez. Nous utilisons des cookies pour vous garantir la meilleure exp\u00e9rience sur notre site. Si vous continuez \u00e0 utiliser ce dernier, nous consid\u00e9rerons que vous acceptez lutilisation des cookies. Issue du royaume animal, v\u00e9g\u00e9tal ou min\u00e9ral, chaque pi\u00e8ce fait lobjet dun pistage \u00e9clair\u00e9 dans tous les recoins de la plan\u00e8te. Accompagn\u00e9e dun certificat qui garantit son origine et sa tra\u00e7abilit\u00e9, chaque pi\u00e8ce est unique. Quel est votre r\u00f4le dans la soci\u00e9t\u00e9? Animation ludique et instructive pour toi et tes amis, chez toi, \u00e0 loccasion de ton anniversaire. Lanimation anniversaire les petits  \u00c0 quelques minutes de la foule de touristes, se niche sur un flan de montagne La Suite by Dussol, un havre de paix au coeur de la jungle tropicale de Rio. Lobjectif de ces Rencontres est de r\u00e9unir la communaut\u00e9 de jeunes chercheur.se.s en physique d\u00cele de France pour une journ\u00e9e de colloque organis\u00e9e par elle et pour elle. Cette journ\u00e9e permet \u00e0 tou.te.s de rester ouvert.e.s et curieux.ses \u00e0 l ensemble des domaines de la physique. Les \u00e9changes de points de vue et dexp\u00e9rience professionnelle sont \u00e9galement encourag\u00e9s dans le but de permettre aux doctorant.e.s de cr\u00e9er un r\u00e9seau. Pe\u00efra\u00f4 est un verbe dorigine grecque, cest la racine du mot PIRATE, signifiant tenter sa chance \u00e0 laventure! Retrouvez-nous  Nous nous retrouvons \u00e0 Frangy 1h30 tous les 15 jours, les mercredis ou samedis de 10h \u00e0 11h30, en utilisant le parcours Seigneur, tu nous appelles : Groupe de pr\u00e9paration \u00e0 la 1\u00e8re communion : For any questions, do not hesitate to contact us at the following address: boutiquerencontres-arles.com Le festival de films Curieux Voyageurs vous propose de sillonner le monde \u00e0 travers une s\u00e9lection de 25 films refl\u00e9tant la diversit\u00e9 du voyage : des profondeurs des oc\u00e9ans jusque dans lespace, de la toundra dAlaska aux \u00eeles du Pacifique, \u00e0 pied, en v\u00e9lo, en moto, en cano\u00eb, en 2CV et toujours \u00e0 la d\u00e9couverte du monde et de ses habitants. La programmation du festival refl\u00e8te lesprit m\u00eame du festival : La volont\u00e9 daller \u00e0 la rencontre de lautre, le besoin de mieux comprendre les enjeux environnementaux et soci\u00e9taux daujourdhui, de se nourrir de la beaut\u00e9 du monde et den d\u00e9couvrir aussi la fragilit\u00e9, la curiosit\u00e9 de souvrir \u00e0 la richesse des cultures et lenvie de partager. Les r\u00e9alisateurs stival pour en parler avec vous! Curieux Voyageurs, cest aussi un Village des Globe-R\u00eaveurs, rendez-vous des associations de tourisme solidaire, humanitaires, de commerce \u00e9quitable, o\u00f9 vous pourrez participer \u00e0 des ateliers, des animations, fl\u00e2ner parmi les expositions de photos et rencontrer dautres voyageurs avides de partager leurs exp\u00e9riences inspirantes. Fort de la r\u00e9ussite des nouveaux rendez-vous propos\u00e9s lan pass\u00e9 dans le sa quaranti\u00e8me \u00e9dition, le festival a d\u00e9cid\u00e9 de reconduire en 2020 deux temps forts :-la Nuit des courts le samedi soir pour un moment de voyage, cette fois dans limaginaire-Le concert de cl\u00f4ture le dimanche soir avec cette ann\u00e9e le chanteur Khalifa pour un moment festif sur un air de reggae. Les 35 membres de l\u00e9quipe dorganisation et plus de 100 b\u00e9n\u00e9voles seront heureux de vous accueillir les 27, 28 et 29 mars prochain \u00e0 Saint-Etienne. Restauration sur place. Entr\u00e9e libre aux expositions, animations et village dexposants. Tarif films : 6,00 le film 4,50-de 25 ans Gratuit-de 10 ans Tarif Nuit des courts : 9,00 6,00-de 25 ans Gratuit-de 10 ans Tarif concert : 12,00 9,00-de 25 ans Gratuit-de 10 ans Renseignements sur www.curieuxvoyageurs.com ou 06 78 36 97 05 Lunivers dObjet de Curiosit\u00e9 une chambre des merveilles sans cesse en mouvement o\u00f9 la bizarrerie c\u00f4toie le magique sous toutes ses formes. Chaque pi\u00e8ce est mise en sc\u00e8ne \u00e0 travers une sc\u00e9nographie cousue main qui la sublime. \u00c0 la fin de nos \u00e9tudes ou apr\u00e8s quelques ann\u00e9es en entreprise, nous nous sommes lanc\u00e9s tous les trois dans laventure de Michel. <img decoding=\"async\" src=\"http:\/\/maitallurgie.be\/2018\/wp-content\/uploads\/2018\/05\/calque-place-roosevelt-300x250.png\" alt=\"rencontres les curieux\" align=\"center\"> Nos infos? On les glane en sortant de chez nous, en ouvrant l\u0153il, en \u00e9coutant les bons conseils, en \u00e9tant ouverts aux bonnes rencontres et en fouillant les biblioth\u00e8ques et les archives lyonnaises. L\u00e9quipe dInside Lyon est constitu\u00e9e de passionn\u00e9s, Lyonnais de sang ou de c\u0153ur. On nest ni journalistes ni blogueurs, mais on est avides de d\u00e9couvertes. Et surtout, on est convaincus que de grandes exp\u00e9riences attendent chacun dentre nous, l\u00e0, tout pr\u00e8s. Inside Lyon, votre r\u00e9flexe anti je ne sais pas quoi faire \u00e0 Lyon CONTACT: Charg\u00e9e de mission au service de la cat\u00e9ch\u00e8se et du cat\u00e9chum\u00e9nat : Le cat\u00e9chisme suit un chemin qui propose certains sacrements. Votre enfant peut commencer son cheminement avec ses copains de classe, en groupe de cat\u00e9, au sein de sa communaut\u00e9 locale, d\u00e8s le CE1. Au cours de sa troisi\u00e8me ann\u00e9e de cat\u00e9ch\u00e8se, en route vers lEucharistie, il pourra faire sa premi\u00e8re communion. Puis, d\u00e8s la classe de 6\u00e8me, il pourra int\u00e9grer la Pastorale et faire sa profession de foi, quon appelait autrefois la grande communion ou communion solenelle. Enfin, le sacrement important qui lui sera propos\u00e9 en classe de 3\u00e8me est la Confirmation, \u00e9tape primordiale dans la vie dun jeune chr\u00e9tien. Est-ce que je ne lemp\u00eache pas de choisir en lui imposant le cat\u00e9chisme? Nous avons opt\u00e9 pour deux entr\u00e9es tout en l\u00e9g\u00e8ret\u00e9 : l\u0153uf bio parfait, \u00e9mulsion de topinambour, carottes fanes et notre coup de c\u0153ur : le saumon gravlax sur lit de quinoa, cr\u00eapes farcies, \u0153ufs de saumon, coulis dagrumes. La pr\u00e9sentation est soign\u00e9e et les saveurs sav\u00e8rent au rendez-vous. Ensuite, nous choisissons deux plats plus classiques : le risotto aux asperges et ses coquillages ainsi que le filet de bar po\u00eal\u00e9, farandole de l\u00e9gumes printaniers et citron bio caram\u00e9lis\u00e9. Enfin, nous craquons pour deux desserts refl\u00e9tant \u00e0 la fois la tradition et la cr\u00e9ativit\u00e9 du lieu : la cr\u00e8me br\u00fbl\u00e9e \u00e0 la gousse de vanille de Madagascar et ses fruits rouges amateurs de vanille, vous serez conquis, et le fraisier gariguettes-pistaches : une association qui fonctionne \u00e0 merveille. Pour accompagner ce repas, un excellent Chablis 1er Cru nous a \u00e9t\u00e9 servi. Toutes les commandes sont r\u00e9gl\u00e9es avec le mode de paiement que vous avez choisi lorsque vous vous \u00eates enregistr\u00e9 pour obtenir un identifiant Apple dans le cadre de votre compte iTunes, et la mention Feeld appara\u00eetra alors sur votre relev\u00e9 iTunes.  La situation en centre-ville des campus est un choix strat\u00e9gique et symbolique. Cest un point dattractivit\u00e9 pour les \u00e9tudiants de vivre au c\u0153ur des capitales europ\u00e9ennes. En outre, nous consid\u00e9rons comme primordial que le business et l\u00e9conomie soient connect\u00e9s \u00e0 la vie r\u00e9elle. Le Cercle des passionn\u00e9s et des curieux en qu\u00eate de d\u00e9couverte de l\u0153uvre de Richard Wagner. Menu et widgets <img decoding=\"async\" src=\"http:\/\/syndromart.com\/wp-content\/uploads\/2015\/10\/num%C3%A9risation0016.jpg\" alt=\"rencontres les curieux\" align=\"center\"> <img decoding=\"async\" src=\"http:\/\/2cv-club-orleanais.org\/wp-content\/gallery\/2014_09_28-rencontre-2cv-orleans_repas\/324-1600x1200.jpg\" alt=\"rencontres les curieux\" align=\"right\">.<\/p>\n","protected":false},"excerpt":{"rendered":"<p>rencontres les curieux<\/p>\n","protected":false},"author":1,"featured_media":0,"comment_status":"closed","ping_status":"closed","sticky":false,"template":"","format":"standard","meta":{"footnotes":""},"categories":[1],"tags":[],"_links":{"self":[{"href":"https:\/\/dig-stuttgart.de\/info\/wp-json\/wp\/v2\/posts\/6890"}],"collection":[{"href":"https:\/\/dig-stuttgart.de\/info\/wp-json\/wp\/v2\/posts"}],"about":[{"href":"https:\/\/dig-stuttgart.de\/info\/wp-json\/wp\/v2\/types\/post"}],"author":[{"embeddable":true,"href":"https:\/\/dig-stuttgart.de\/info\/wp-json\/wp\/v2\/users\/1"}],"replies":[{"embeddable":true,"href":"https:\/\/dig-stuttgart.de\/info\/wp-json\/wp\/v2\/comments?post=6890"}],"version-history":[{"count":1,"href":"https:\/\/dig-stuttgart.de\/info\/wp-json\/wp\/v2\/posts\/6890\/revisions"}],"predecessor-version":[{"id":6891,"href":"https:\/\/dig-stuttgart.de\/info\/wp-json\/wp\/v2\/posts\/6890\/revisions\/6891"}],"wp:attachment":[{"href":"https:\/\/dig-stuttgart.de\/info\/wp-json\/wp\/v2\/media?parent=6890"}],"wp:term":[{"taxonomy":"category","embeddable":true,"href":"https:\/\/dig-stuttgart.de\/info\/wp-json\/wp\/v2\/categories?post=6890"},{"taxonomy":"post_tag","embeddable":true,"href":"https:\/\/dig-stuttgart.de\/info\/wp-json\/wp\/v2\/tags?post=6890"}],"curies":[{"name":"wp","href":"https:\/\/api.w.org\/{rel}","templated":true}]}}