{"id":6912,"date":"2020-07-06T06:07:23","date_gmt":"2020-07-06T06:07:23","guid":{"rendered":"http:\/\/dig-stuttgart.de\/info\/?p=6912"},"modified":"2020-06-28T06:20:48","modified_gmt":"2020-06-28T06:20:48","slug":"rencontres-sarthe-72","status":"publish","type":"post","link":"https:\/\/dig-stuttgart.de\/info\/2020\/07\/06\/rencontres-sarthe-72\/","title":{"rendered":"Rencontres Sarthe 72"},"content":{"rendered":"<p>Mardi 9 juin 2020Jeune homme, \u00e0 la recherche dune partenaire pour des moments agr\u00e9ables \u00e0 2 <img decoding=\"async\" src=\"http:\/\/www.ville-marcon.fr\/images\/Manifestations2018\/Ren2.JPG\" alt=\"rencontres sarthe 72\" align=\"left\"> <img decoding=\"async\" src=\"http:\/\/rallyedelasarthe.com\/wp-content\/uploads\/2018\/02\/Affiche-Rallyes_2018_Le-Mans.jpg\" alt=\"rencontres sarthe 72\" align=\"left\"> je suis une femme de 43 ans, je souhaite rencontrer une femme pour amiti\u00e9 puis plus intime si le feeling est bon bonjour,je suis seul depuis un moment jai des occupations mais la solitude est la,je marche jaime vvre l,instant present mais le partager avec quelquun serait un plus,ce que je recherche cest surtout de lamiti\u00e9 en premier et le reste viendra apr\u00e8s? Je suis gentil, affectueux, attentionn\u00e9, fid\u00e8le et jai dautres qualit\u00e9s \u00e0 vous faire d\u00e9couvrir. Jaime profiter de la vie. Jai envie de recommencer \u00e0 aimer. Je cherche une femme entre 33 et 58 ans qui souhaite sengager dans une vie \u00e0 deux bas\u00e9e sur la confiance, la complicit\u00e9 et le respect. Les faux profils, vous perdez votre temps. Vous nobtiendrez rien de moi.. Si lemployeur fait sa demande de remboursement de lallocation avant le 15 du mois, il devrait \u00eatre pay\u00e9 \u00e0 la fin du mois courant, sinon, le paiement sera effectu\u00e9 le mois suivant dapr\u00e8s les informations du gouvernement et sous r\u00e9serve des difficult\u00e9s r\u00e9sultant dun engorgement des services comp\u00e9tents. Bonjour, moi cest H\u00e9l\u00e8ne. Je crois que la premi\u00e8re chose que tu dois savoir sur moi, cest que je suis une femme mari\u00e9e et par cons\u00e9quent je ne suis pas ici pour trouver lamour. Yves L\u00e9ger, dipl\u00f4m\u00e9 de Sciences Po et en droit, assassin\u00e9 par un agent fran\u00e7ais de la Gestapo en mai 1944. <img decoding=\"async\" src=\"http:\/\/ecx.images-amazon.com\/images\/I\/61gqUjkBiOL._SY300_.jpg\" alt=\"rencontres sarthe 72\" align=\"right\"> Je vais d\u00e9crire mon partenaire masculin id\u00e9al : Tendre, gentil, intelligent, aimant, plut\u00f4t un beau physique.. Svp! non! aux personnes frustr\u00e9es, aux contact futiles, sans but, contraignantes, non aux exigences, trop de principes; Par cons\u00e9quent, dans le cadre de l\u00e9pid\u00e9mie de coronavirus, ces garanties de Perte dExploitation suite \u00e0 fermeture administrative ne pourront \u00eatre mobilis\u00e9es.  Attention, ce jour est impact\u00e9 par des horaires sp\u00e9ciaux, merci de vous r\u00e9ferer aux informations ci-dessous. Je recherche une femme bi avec qui passer des moments de complicit\u00e9, voir plus si affinit\u00e9s, moments sensuels et charnels. Quelle co\u00efncidence, je viens davoir 50 ans et jai moi aussi d\u00e9cid\u00e9 de profiter de la vie  Ola. Appelle moi Annette1964. Je suis une nana de 52 ans. Je suis de Le Mans. Je dirais de moi que je suis insatiable, insatiable, caline. Jadore baiser \u00e9nergiquement Jaime bien les moments intimes. Jai un faible pour les minets fougeux. Membre du club des femmes cougar et je nai pas honte de le dire!! Je souhaite faire une fellation \u00e0 un mec!! Je me d\u00e9crirais comme une jolie soumise qui sait soccuper dun homme, je ne suis pas timide. Les rencontres se feront en ext\u00e9rieur les soirs. \u00c7a tint\u00e9resse? alors nh\u00e9site pas \u00e0 \u00e9crire un petit message maintenant!!  Les cookies de publicit\u00e9 permettent de vous proposer un contenu publicitaire adapt\u00e9 \u00e0 vos centres dint\u00e9r\u00eats. Une campagne de d\u00e9nigrement des personnels enseignants a cours dans un certain nombre de media depuis quelques jours. Aujourdhui, cest au tour du ministre Blanquer lui-m\u00eame de livrer les personnels \u00e0 la vindicte populaire.<\/p>\n","protected":false},"excerpt":{"rendered":"<p>rencontres sarthe 72<\/p>\n","protected":false},"author":1,"featured_media":0,"comment_status":"closed","ping_status":"closed","sticky":false,"template":"","format":"standard","meta":{"footnotes":""},"categories":[1],"tags":[],"_links":{"self":[{"href":"https:\/\/dig-stuttgart.de\/info\/wp-json\/wp\/v2\/posts\/6912"}],"collection":[{"href":"https:\/\/dig-stuttgart.de\/info\/wp-json\/wp\/v2\/posts"}],"about":[{"href":"https:\/\/dig-stuttgart.de\/info\/wp-json\/wp\/v2\/types\/post"}],"author":[{"embeddable":true,"href":"https:\/\/dig-stuttgart.de\/info\/wp-json\/wp\/v2\/users\/1"}],"replies":[{"embeddable":true,"href":"https:\/\/dig-stuttgart.de\/info\/wp-json\/wp\/v2\/comments?post=6912"}],"version-history":[{"count":1,"href":"https:\/\/dig-stuttgart.de\/info\/wp-json\/wp\/v2\/posts\/6912\/revisions"}],"predecessor-version":[{"id":6913,"href":"https:\/\/dig-stuttgart.de\/info\/wp-json\/wp\/v2\/posts\/6912\/revisions\/6913"}],"wp:attachment":[{"href":"https:\/\/dig-stuttgart.de\/info\/wp-json\/wp\/v2\/media?parent=6912"}],"wp:term":[{"taxonomy":"category","embeddable":true,"href":"https:\/\/dig-stuttgart.de\/info\/wp-json\/wp\/v2\/categories?post=6912"},{"taxonomy":"post_tag","embeddable":true,"href":"https:\/\/dig-stuttgart.de\/info\/wp-json\/wp\/v2\/tags?post=6912"}],"curies":[{"name":"wp","href":"https:\/\/api.w.org\/{rel}","templated":true}]}}