{"id":6934,"date":"2020-07-06T16:58:41","date_gmt":"2020-07-06T16:58:41","guid":{"rendered":"http:\/\/dig-stuttgart.de\/info\/?p=6934"},"modified":"2020-06-28T06:28:45","modified_gmt":"2020-06-28T06:28:45","slug":"rencontres-amiens-somme","status":"publish","type":"post","link":"https:\/\/dig-stuttgart.de\/info\/2020\/07\/06\/rencontres-amiens-somme\/","title":{"rendered":"Rencontres Amiens Somme"},"content":{"rendered":"<p>Le site internet vous pr\u00e9sente toutes les informations de lAmiens SC : les \u00e9quipes, joueurs, effectif, r\u00e9sultats, calendrier, actualit\u00e9s, r\u00e9sum\u00e9s, photos, billeterie, boutique.. Retrouvez les diff\u00e9rentes offres marketing, Sponsoring, hospitalit\u00e9s propos\u00e9es par lAmiens SC et lAgence Carr\u00e9Vert. Supporters ami\u00e9nois, revivez les matchs et les saisons avec ASC TV, la galerie photos et les r\u00e9seaux Sociaux. La connue localement sous les acronymes MCA et MACU a \u00e9t\u00e9 inaugur\u00e9e le 19 mars 1966 par. <img decoding=\"async\" src=\"http:\/\/dd80.blogs.apf.asso.fr\/media\/01\/00\/2233100045.jpg\" alt=\"rencontres amiens somme\" align=\"right\"> Lyc\u00e9e Robert de Luzarches, 4 rue Le Mongnier, 80000-Amiens homme bi de 46 ans s\u00e9par\u00e9, recherche rencontre amicale. En,, concepteur de la chronologie pr\u00e9historique, d\u00e9cide dappeler la p\u00e9riode de la Pr\u00e9histoire caract\u00e9ris\u00e9e par les silex taill\u00e9s identiques \u00e0 ceux trouv\u00e9s dans le quartier Saint-Acheul.-Cheveux : Brun p\u00e2le-185 cm-Statut civil: C\u00e9libataire <img decoding=\"async\" src=\"http:\/\/s1.lprs1.fr\/images\/2016\/04\/07\/5692655_1-0-160738762_1000x625.jpg\" alt=\"rencontres amiens somme\" align=\"right\">  Annonce : Bonjour \u00e0 tous, jovial et heureux de vivre, je voudrais rencontr\u00e9 la personne que je pourrais rendre heureuse, \u00e0 bient\u00f4t <img decoding=\"async\" src=\"http:\/\/rampok.org\/img\/2e5e4311220a6ee98e1dbe08bca9df0e.jpg\" alt=\"rencontres amiens somme\" align=\"center\"> Un bar est \u00e9galement mis \u00e0 votre disposition pour discuter, faire connaissance et boire un verre. La : cr\u00e9\u00e9e \u00e0 loccasion dune foire exposition \u00e0 Amiens, elle consiste en une cr\u00eape sal\u00e9e garnie de jambon et dune sauce r\u00e9duite \u00e0 base de champignons. Elle est roul\u00e9e sur elle-m\u00eame, puis napp\u00e9e de cr\u00e8me fra\u00eeche parfum\u00e9e de muscade, poivre blanc, et parsem\u00e9e de fromage r\u00e2p\u00e9 avant d\u00eatre gratin\u00e9e au four ; coucou, jeune homme de 33 c\u00e9libataire, brun 1m80 pour 70 kg plut\u00f4t athl\u00e9tique, gentil et&#8230;. De pr\u00e9f\u00e9rence mon \u00e2ge ou plus.Je r\u00e9pondrai \u00e0 vos messages mais soyez patient et compr\u00e9hensif si je tarde je ferai au mieux dans le d\u00e9lai r\u00e9ponse toujours dans le respect quelque soit la r\u00e9ponse. Au plaisir de vous lire bient\u00f4t.. Il est \u00e9quitable que vous mettiez une photo de vous pour voir celle des autres  Merci pour votre inscription! Vous allez bient\u00f4t recevoir un email de confirmation. Nous avons un probl\u00e8me avec votre inscription. B\u00e2ti sous le sur le mod\u00e8le du, il ouvre ses portes apr\u00e8s la visite de lempereur en 1867. R\u00e9compens\u00e9e de la note maximum de quatre fleurs au de France, la ville dispose de 8,5 hectares de surfaces fleuries en 2017. Amiens offre en outre un patrimoine arbor\u00e9 particuli\u00e8rement riche ; ses 38 650 arbres hors boisements, dont 17 000 dalignement sur les voies publiques, lui ont permis de remporter le. Premi\u00e8res Rencontres r\u00e9gionales ERC en Hauts-de-France Agence fran\u00e7aise pour la biodiversit\u00e9 Le d\u00e9veloppement de la ville sappuie sur plusieurs grands projets urbains, parmi lesquels : Recherche femme pour un soir ou une apr\u00e8s midi recoi chez moi et pas de nouvelles apr\u00e8s juste 1 fois avec la personne Le premier blason connu dAmiens date de 1185, lorsque affranchit la ville des et lui donne pour armes de gueules plain, au chef dazur sem\u00e9 de fleur de lys dor. En 1477, apr\u00e8s la reprise de la ville aux par, celui-ci autorisa la ville \u00e0 diaprer son \u00e9cu. Au fil du temps, et pour rappeler la devise Un lien puissant munit au lys, le diapr\u00e9 prit progressivement laspect du lierre, forme connue depuis le XVII e si\u00e8cle et qui est celle toujours en vigueur aujourdhui.  DIRECT. Gr\u00e8ve du 5 d\u00e9cembre : Cest une mobilisation contre la fin des r\u00e9gimes sp\u00e9ciaux, juge Emmanuel Macron.<\/p>\n","protected":false},"excerpt":{"rendered":"<p>rencontres amiens somme<\/p>\n","protected":false},"author":1,"featured_media":0,"comment_status":"closed","ping_status":"closed","sticky":false,"template":"","format":"standard","meta":{"footnotes":""},"categories":[1],"tags":[],"_links":{"self":[{"href":"https:\/\/dig-stuttgart.de\/info\/wp-json\/wp\/v2\/posts\/6934"}],"collection":[{"href":"https:\/\/dig-stuttgart.de\/info\/wp-json\/wp\/v2\/posts"}],"about":[{"href":"https:\/\/dig-stuttgart.de\/info\/wp-json\/wp\/v2\/types\/post"}],"author":[{"embeddable":true,"href":"https:\/\/dig-stuttgart.de\/info\/wp-json\/wp\/v2\/users\/1"}],"replies":[{"embeddable":true,"href":"https:\/\/dig-stuttgart.de\/info\/wp-json\/wp\/v2\/comments?post=6934"}],"version-history":[{"count":1,"href":"https:\/\/dig-stuttgart.de\/info\/wp-json\/wp\/v2\/posts\/6934\/revisions"}],"predecessor-version":[{"id":6935,"href":"https:\/\/dig-stuttgart.de\/info\/wp-json\/wp\/v2\/posts\/6934\/revisions\/6935"}],"wp:attachment":[{"href":"https:\/\/dig-stuttgart.de\/info\/wp-json\/wp\/v2\/media?parent=6934"}],"wp:term":[{"taxonomy":"category","embeddable":true,"href":"https:\/\/dig-stuttgart.de\/info\/wp-json\/wp\/v2\/categories?post=6934"},{"taxonomy":"post_tag","embeddable":true,"href":"https:\/\/dig-stuttgart.de\/info\/wp-json\/wp\/v2\/tags?post=6934"}],"curies":[{"name":"wp","href":"https:\/\/api.w.org\/{rel}","templated":true}]}}