{"id":6944,"date":"2020-07-06T20:03:14","date_gmt":"2020-07-06T20:03:14","guid":{"rendered":"http:\/\/dig-stuttgart.de\/info\/?p=6944"},"modified":"2020-06-28T06:37:19","modified_gmt":"2020-06-28T06:37:19","slug":"rencontre-entre-couple-nord","status":"publish","type":"post","link":"https:\/\/dig-stuttgart.de\/info\/2020\/07\/06\/rencontre-entre-couple-nord\/","title":{"rendered":"Rencontre Entre Couple Nord"},"content":{"rendered":"<p>\u00c2 Cette premi\u00c3re rencontre ne vous engagera en rien, elle vous permettra de cerner en quoi nous pouvons vous \u00c3\u00aatre utile, ce sera \u00c3videmment l\u00e2occasion d\u00e2\u00c3voquer notre mode de fonctionnement contrat, dur\u00c3e, budget., nos engagements comme nos limites et nos atouts en particulier dans notre r\u00c3gion.  Annonce plan cul de Morganetfatiha 43 ans Categorie : Je cherche quelquun entre 37 et 40 ans, Bruxelles Environnement consult\u00e9 le 19 avril 2012 De corpulence normal pour elle et lui cherche simplement \u00e0 passer du bon temps sans prise de t\u00eate avec respect et hygi\u00e8ne c la base <img decoding=\"async\" src=\"http:\/\/cdn.sandals.com\/sandals\/portuguese\/slideshows\/resorts\/sbd\/home\/15b.jpg\" alt=\"rencontre entre couple nord\" align=\"center\">  Interrog\u00e9 sur France Inter, Arnaud Montebourg na pas m\u00e2ch\u00e9 ses mots concernant la gestion de la crise du coronavirus faite par le gouvernement. L\u00c9tat a \u00e9t\u00e9 lamentable, a-t-il notamment lanc\u00e9. N\u00ba 29 sur 206 Jeux et divertissements \u00e0 Nord-Pas de Calais Je suis un homme divorc\u00e9 vivant seul et jaime ma situation de c\u00e9libataire. Rejoignez Babelio pour d\u00e9couvrir vos prochaines lectures-Miss Peregrine et les enfants particuliers de Ransom Riggs H G. Lloyd, The Red Fox, Londres, Bastford, 1981, 320 p. Nous naimons pas le crad,la sodo, l\u00e9jaculation faciale et buccal Cette annonce est r\u00e9serv\u00e9e aux adultes, vous devez confirmer \u00eatre majeur pour pouvoir la visualiser. <img decoding=\"async\" src=\"http:\/\/domainedesfauves.com\/wp-content\/uploads\/2018\/01\/Vautour-fauves.jpg\" alt=\"rencontre entre couple nord\" align=\"right\">? Facebook :https:www.facebook.compagesLes-histoires-de-Margaud126985220716090?refhl  Si vous vous rentrez dans les quelque crit\u00e8re on se feras un jour de parler avec vous. M\u00eame chose si le sexe narrive pas assez rapidement, id\u00e9alement autour du troisi\u00e8me ou du quatri\u00e8me rendez-vous, surtout chez les plus jeunes. Je me souviens dun gar\u00e7on qui \u00e9tait fatigu\u00e9 dattendre que lon passe \u00e0 lacte, car on se connaissait depuis.. Deux semaines. Je nai pas limpression davoir perdu grand chose, raconte Karine, 28 ans. Si les choses navancent pas, on se dit que la fille veut juste \u00eatre pote, et franchement je ne suis pas int\u00e9ress\u00e9. Je pr\u00e9f\u00e8re d\u00e9penser mon argent pour une fille qui ne se fait pas prier, balance sans complexes Matthew, un Am\u00e9ricain de 25 ans. Si cet \u00e9v\u00e9nement s\u00e9tait produit il y a plus dun an, il aurait pu \u00eatre consid\u00e9r\u00e9 comme une perc\u00e9e psychologique, souligne le chercheur am\u00e9ricain Joshua Pollack, du Middlebury Institute of International Studies. Mais maintenant? Une rencontre pour les cam\u00e9ras et sans ordre de jour ne fera rien pour effacer un an dillusions et de d\u00e9ceptions, a-t-il estim\u00e9 sur Twitter. Donald Trump a invit\u00e9 Kim Jong-un aux \u00c9tats-Unis Bons plans et nouveaut\u00e9s : ne ratez rien de lactu du Parc Ast\u00e9rix. Rachel Legrain-Trapani a divorc\u00e9 en 2016 du footballeur Aur\u00e9lien Capoue, avec qui elle a eu un petit gar\u00e7on nomm\u00e9 Gianni, 4 ans. Elle fut aussi la compagne de lancien champion du monde du 110 m\u00e8tres de haie, Ladji Doucour\u00e9. <img decoding=\"async\" src=\"http:\/\/sylvainlebrun.ca\/files\/2016\/02\/Carte21.png\" alt=\"rencontre entre couple nord\" align=\"right\">.<\/p>\n","protected":false},"excerpt":{"rendered":"<p>rencontre entre couple nord<\/p>\n","protected":false},"author":1,"featured_media":0,"comment_status":"closed","ping_status":"closed","sticky":false,"template":"","format":"standard","meta":{"footnotes":""},"categories":[1],"tags":[],"_links":{"self":[{"href":"https:\/\/dig-stuttgart.de\/info\/wp-json\/wp\/v2\/posts\/6944"}],"collection":[{"href":"https:\/\/dig-stuttgart.de\/info\/wp-json\/wp\/v2\/posts"}],"about":[{"href":"https:\/\/dig-stuttgart.de\/info\/wp-json\/wp\/v2\/types\/post"}],"author":[{"embeddable":true,"href":"https:\/\/dig-stuttgart.de\/info\/wp-json\/wp\/v2\/users\/1"}],"replies":[{"embeddable":true,"href":"https:\/\/dig-stuttgart.de\/info\/wp-json\/wp\/v2\/comments?post=6944"}],"version-history":[{"count":1,"href":"https:\/\/dig-stuttgart.de\/info\/wp-json\/wp\/v2\/posts\/6944\/revisions"}],"predecessor-version":[{"id":6945,"href":"https:\/\/dig-stuttgart.de\/info\/wp-json\/wp\/v2\/posts\/6944\/revisions\/6945"}],"wp:attachment":[{"href":"https:\/\/dig-stuttgart.de\/info\/wp-json\/wp\/v2\/media?parent=6944"}],"wp:term":[{"taxonomy":"category","embeddable":true,"href":"https:\/\/dig-stuttgart.de\/info\/wp-json\/wp\/v2\/categories?post=6944"},{"taxonomy":"post_tag","embeddable":true,"href":"https:\/\/dig-stuttgart.de\/info\/wp-json\/wp\/v2\/tags?post=6944"}],"curies":[{"name":"wp","href":"https:\/\/api.w.org\/{rel}","templated":true}]}}