{"id":6958,"date":"2020-07-06T23:20:28","date_gmt":"2020-07-06T23:20:28","guid":{"rendered":"http:\/\/dig-stuttgart.de\/info\/?p=6958"},"modified":"2020-06-28T06:43:14","modified_gmt":"2020-06-28T06:43:14","slug":"rencontre-corbeil-essonnes","status":"publish","type":"post","link":"https:\/\/dig-stuttgart.de\/info\/2020\/07\/06\/rencontre-corbeil-essonnes\/","title":{"rendered":"Rencontre Corbeil Essonnes"},"content":{"rendered":"<p>Recherche relation s\u00e9rieuse je suis simple attentionn\u00e9 sinc\u00e8re fid\u00e8le. Jaime le bricolage je trouve tjrs un truc a faire. Pour me d\u00e9crire en quelques mots je dirais que je suis calme, dun caract\u00e8re plut\u00f4t optimiste et positif, r\u00eaveur mais r\u00e9aliste, sociable et ouvert aux autres. Il marrive de magacer mais \u00e7a ne dure jamais, ma bonne humeur revient au galop. Jaimerais rencontrer une femme qui me ressemble et me comprenne. Jai beaucoup damour \u00e0 revendre. Pour rappel les horaires actuels pour vous unir \u00e0 la pri\u00e8re de Lourdes : A la recherche dune relation s\u00e9rieuse et sinc\u00e8re. Amour nouveau tu peux donc venir, mais pourquoi pas une amiti\u00e9 \u00e9galement. Salut les filles,je suis un gar\u00e7on agr\u00e9able sans prise de t\u00eate qui a envie de passer des moments sympas et coquins,si sa vous tente : Je suis une femme c\u00e9libataire \u00e0 la recherche dune relation s\u00e9rieuse fid\u00e8le compr\u00e9hensif Annonce : Il est tr\u00e8s difficile de coucher des id\u00e9es, des envies ou des souhaits sur une page blanche donc je tinvite toi qui me lis \u00e0 venir discuter un peu avec moi  Libertine de 40 ans, jhabite pr\u00e8s de Corbeil-Essonnes o\u00f9 je connais peu de monde alors jen bave carr\u00e9ment pour trouver une rencontre sexy. J\u00e9cris ce message sur ce site afin de faire connaissance avec un jeune homme recherchant un plan baise dun soir ou en priorit\u00e9 un pqr. Jaimerais bien baiser avec un jeune homme alors jesp\u00e8re que vous nh\u00e9siterez pas \u00e0 me contacter. Les prix affich\u00e9s sont nets hors frais notari\u00e9s, denregistrement et de publicit\u00e9 fonci\u00e8re. Annonce : Je m appele J\u00e9r\u00f4me c\u00e9libataire d Evry je cherche une femme pour relation durable et fonder une famille. Je cherche quelquun ki est pas loin de chez de 40 ans et pour un plan ou bien pour un e journee ou une nuit <img decoding=\"async\" src=\"http:\/\/www.desdomesetdesminarets.fr\/wp-content\/uploads\/2013\/05\/image75.jpg\" alt=\"rencontre corbeil essonnes\" align=\"right\">  La preuve de majorit\u00e9 de lacheteur est exig\u00e9e au moment de la vente en Vous devez saisir votre identifiant et votre mot de passe. <img decoding=\"async\" src=\"http:\/\/allezparis.fr\/wp-content\/uploads\/2017\/05\/thiago-motta-1024x656.jpg\" alt=\"rencontre corbeil essonnes\" align=\"left\"> lhistoire de la rencontre jouissive dun photographe et dun auteur, <img decoding=\"async\" src=\"http:\/\/www.archers91.fr\/wordpress\/archers\/wp-content\/2009\/09\/5.jpg\" alt=\"rencontre corbeil essonnes\" align=\"center\"> Nous utilisons des cookies afin de personnaliser le contenu et les fonctionnalit\u00e9s de notre site. En continuant \u00e0 naviguer, vous acceptez leur utilisation. Plus de d\u00e9tails sur notre politique dutilisation des cookies. Un autre temps incontournable de notre journ\u00e9e : les retours que vous nous faites de votre p\u00e8lerinage. Utilis\u00e9s, surtout dans le cas o\u00f9 vous avez saisi directement ladresse de la page dans la barre Dispositif de m\u00e9diation des litiges de consommation Conf\u00e9rence Tous les mardis, des cours de civilisation polyn\u00e9sienne sont propos\u00e9s \u00e0 la d\u00e9l\u00e9gation de Polyn\u00e9sie fran\u00e7aise..  En cliquant sur minscrire vous acceptez les conditions g\u00e9n\u00e9rales dutilisation et affirmez avoir 18 ans ou plus. Je vous propose des cours particuliers darabe pour tous les niveaux et pour nimporte quel \u00e2ge, je vous pr\u00e9cise que ces cours se tiendrons chez moi..<\/p>\n","protected":false},"excerpt":{"rendered":"<p>rencontre corbeil essonnes<\/p>\n","protected":false},"author":1,"featured_media":0,"comment_status":"closed","ping_status":"closed","sticky":false,"template":"","format":"standard","meta":{"footnotes":""},"categories":[1],"tags":[],"_links":{"self":[{"href":"https:\/\/dig-stuttgart.de\/info\/wp-json\/wp\/v2\/posts\/6958"}],"collection":[{"href":"https:\/\/dig-stuttgart.de\/info\/wp-json\/wp\/v2\/posts"}],"about":[{"href":"https:\/\/dig-stuttgart.de\/info\/wp-json\/wp\/v2\/types\/post"}],"author":[{"embeddable":true,"href":"https:\/\/dig-stuttgart.de\/info\/wp-json\/wp\/v2\/users\/1"}],"replies":[{"embeddable":true,"href":"https:\/\/dig-stuttgart.de\/info\/wp-json\/wp\/v2\/comments?post=6958"}],"version-history":[{"count":1,"href":"https:\/\/dig-stuttgart.de\/info\/wp-json\/wp\/v2\/posts\/6958\/revisions"}],"predecessor-version":[{"id":6959,"href":"https:\/\/dig-stuttgart.de\/info\/wp-json\/wp\/v2\/posts\/6958\/revisions\/6959"}],"wp:attachment":[{"href":"https:\/\/dig-stuttgart.de\/info\/wp-json\/wp\/v2\/media?parent=6958"}],"wp:term":[{"taxonomy":"category","embeddable":true,"href":"https:\/\/dig-stuttgart.de\/info\/wp-json\/wp\/v2\/categories?post=6958"},{"taxonomy":"post_tag","embeddable":true,"href":"https:\/\/dig-stuttgart.de\/info\/wp-json\/wp\/v2\/tags?post=6958"}],"curies":[{"name":"wp","href":"https:\/\/api.w.org\/{rel}","templated":true}]}}