{"id":6982,"date":"2020-07-06T16:20:54","date_gmt":"2020-07-06T16:20:54","guid":{"rendered":"http:\/\/dig-stuttgart.de\/info\/?p=6982"},"modified":"2020-06-28T06:52:58","modified_gmt":"2020-06-28T06:52:58","slug":"sfr-rencontres-arles","status":"publish","type":"post","link":"https:\/\/dig-stuttgart.de\/info\/2020\/07\/06\/sfr-rencontres-arles\/","title":{"rendered":"Sfr Rencontres Arles"},"content":{"rendered":"<p>Discoth\u00e8que Club Happy days sortir vendredi samedi soir 1 2 3 4 5 6 7 8 9 10 11 12 13 14 15 16 17 18 19 20 21 Chimeras-Warsaw Photo Days 2014. Warsaw, Poland Pictures for Women-Un jour de brocante et de photos contemporaines-Paris 16e dancing discoth\u00e8que de r\u00e9f\u00e9rence des Bouches du Rhones 13 avec une ambiance exclusive et branch\u00e9e que nous procure nos fabuleux orchestre ou dj de la musique du style dance de salon, bal   Ca r\u00e9compense le travail de Delphine Henry, directrice photo du magazine. Home, maison europ\u00e9enne de la photographie Lille, fr <img decoding=\"async\" src=\"http:\/\/www.dazic.com\/wp-content\/uploads\/2015\/07\/20150709dazic3772_Fotohaus_Arles_LR-e1452355534577.jpg\" alt=\"sfr rencontres arles\" align=\"right\"> Firstly, the designs set out, such as, seem to respond primarily to industrial interests. Depuis 2006, SFR propose un programme pluridisciplinaire daccompagnement \u00e0 trois communaut\u00e9s : les artistes, les sportifs et les entrepreneurs. Le programme SFR Jeunes Talents constitue un tremplin pour chacun dentre eux. Il vise \u00e0 faire valoir une id\u00e9e, un projet, une vocation pour les aider \u00e0 franchir les \u00e9tapes cl\u00e9s de leur parcours. SFR conseille les Jeunes Talents, leur permet dacc\u00e9der \u00e0 un r\u00e9seau de professionnels et dexperts dans chaque domaine Musique, Photographie, Ski freestyle, Entrepreneuriat social et Start-up. Il leur donne \u00e9galement acc\u00e8s aux plus grandes sc\u00e8nes, expositions et comp\u00e9titions. Avec ce programme, SFR se mobilise en faveur des artistes, entrepreneurs et sportifs, et leur donne une chance de mettre en \u0153uvre leurs projets. Nous reviendrons vers vous avant la fin du mois davril. R\u00eavalit\u00e9s-Mois de la Photo Dol-de-Bretagne, Fr Dreamalities-Mois de la Photo art fair Rencontre. UN PRIX EST-IL UN SOUTIEN \u00c0 LA CR\u00c9ATION? Les prix sont g\u00e9n\u00e9ralement le couronnement dune oeuvre, les prix Pictet et HCB se distinguent par une volont\u00e9 daider le laur\u00e9at \u00e0 produire avec un r\u00e9sultat sous la forme dune exposition. Quelle est leur place aujourdhui? Influencent-ils la cr\u00e9ation photographique? Quels sont les crit\u00e8res qui font le prestige et le succ\u00e8s dun prix pour les photographes, le public et les organisateurs? de Fran\u00e7ois Hebel, Directeur des Rencontres dArles, Fran\u00e7ois Cheval, Directeur du mus\u00e9e Nicephore Niepce et Michel Mallard, <img decoding=\"async\" src=\"http:\/\/photography-now.com\/images\/Bilder\/gross\/B014123.jpg\" alt=\"sfr rencontres arles\" align=\"center\"> Terres des hommes, Les Nuits Photographiques de Pierrevert Delphine Schacher-Effectivement, dans ma s\u00e9rie, jai photographi\u00e9 7 enfants, mais ici la s\u00e9rie nest pas compl\u00e8te, il ny a que 4 filles. Pour voir lensemble de la s\u00e9rie, il faut aller sur mon. La s\u00e9rie compte 21 images, il ny en a que 16 pr\u00e9sent\u00e9es ici. Num\u00e9rique, nous rencontrons, photographe expos\u00e9 aux. Le site du festival : La Nuit de lAnn\u00e9e en quelques mots :  Paris Photo 2011, Grand Palais, Espace sfr Jeunes Talents, novembre. <img decoding=\"async\" src=\"http:\/\/www.lesbonsplansdavignon.com\/wp-content\/uploads\/2013\/07\/Capture-d%E2%80%99%C3%A9cran-2013-06-27-%C3%A0-08.26.46.png\" alt=\"sfr rencontres arles\" align=\"left\"> Exposition collective-Mus\u00e9e des Arts Photographiques Tampa, Etats-Unis Group show-Museum for the Photographic Arts Tampa, USA.<\/p>\n","protected":false},"excerpt":{"rendered":"<p>sfr rencontres arles<\/p>\n","protected":false},"author":1,"featured_media":0,"comment_status":"closed","ping_status":"closed","sticky":false,"template":"","format":"standard","meta":{"footnotes":""},"categories":[1],"tags":[],"_links":{"self":[{"href":"https:\/\/dig-stuttgart.de\/info\/wp-json\/wp\/v2\/posts\/6982"}],"collection":[{"href":"https:\/\/dig-stuttgart.de\/info\/wp-json\/wp\/v2\/posts"}],"about":[{"href":"https:\/\/dig-stuttgart.de\/info\/wp-json\/wp\/v2\/types\/post"}],"author":[{"embeddable":true,"href":"https:\/\/dig-stuttgart.de\/info\/wp-json\/wp\/v2\/users\/1"}],"replies":[{"embeddable":true,"href":"https:\/\/dig-stuttgart.de\/info\/wp-json\/wp\/v2\/comments?post=6982"}],"version-history":[{"count":1,"href":"https:\/\/dig-stuttgart.de\/info\/wp-json\/wp\/v2\/posts\/6982\/revisions"}],"predecessor-version":[{"id":6983,"href":"https:\/\/dig-stuttgart.de\/info\/wp-json\/wp\/v2\/posts\/6982\/revisions\/6983"}],"wp:attachment":[{"href":"https:\/\/dig-stuttgart.de\/info\/wp-json\/wp\/v2\/media?parent=6982"}],"wp:term":[{"taxonomy":"category","embeddable":true,"href":"https:\/\/dig-stuttgart.de\/info\/wp-json\/wp\/v2\/categories?post=6982"},{"taxonomy":"post_tag","embeddable":true,"href":"https:\/\/dig-stuttgart.de\/info\/wp-json\/wp\/v2\/tags?post=6982"}],"curies":[{"name":"wp","href":"https:\/\/api.w.org\/{rel}","templated":true}]}}