{"id":6984,"date":"2020-07-06T20:28:04","date_gmt":"2020-07-06T20:28:04","guid":{"rendered":"http:\/\/dig-stuttgart.de\/info\/?p=6984"},"modified":"2020-06-28T06:53:39","modified_gmt":"2020-06-28T06:53:39","slug":"prochaine-rencontre-standard-anderlecht","status":"publish","type":"post","link":"https:\/\/dig-stuttgart.de\/info\/2020\/07\/06\/prochaine-rencontre-standard-anderlecht\/","title":{"rendered":"Prochaine Rencontre Standard Anderlecht"},"content":{"rendered":"<p>Le Standard de Li\u00e8ge a annonc\u00e9 jeudi avoir lev\u00e9 loption dachat pr\u00e9vue dans le contrat de pr\u00eat du d\u00e9fenseur parisien Moussa Sissako 19 ans. Vous consultez actuellement la page : Statistique Anderlecht-Standard de Li\u00e8ge Statistiques des matchs de Anderlecht et Standard de Li\u00e8ge : afin de vous aider \u00e0 parier nous affichons les derniers scores et les stats entre RSC Anderlecht et Standard de Li\u00e8ge. Les cotes du match RSCA-Standard de Li\u00e8ge sont aussi disponibles selon le contexte.  Recevez nos newsletters Inscription \u00e0 la newsletter Afin de d\u00e9terminer quelles parties du site sont les plus int\u00e9ressantes pour nos visiteurs, nous essayons de mesurer continuellement, en utilisant entre autres le logiciel dun tiers, le nombre de visiteurs sur notre site et quels articles sont les plus consult\u00e9s. Pour ce faire, nous utilisons des cookies. <img decoding=\"async\" src=\"http:\/\/img15.hostingpics.net\/pics\/219314175.png\" alt=\"prochaine rencontre standard anderlecht\" align=\"right\"> 25012015 : Affichage par les Ultras Inferno, lors de la rencontre Standard-Anderlecht, dun tifo repr\u00e9sentant un d\u00e9capit\u00e9 par un personnage repris des films, avec la l\u00e9gende Red or Dead Rouge ou mort. Laction a \u00e9t\u00e9 r\u00e9alis\u00e9e \u00e0 linsu des dirigeants du club, qui \u00e9voquent des sanctions possibles. Laction co\u00efncide notamment avec la d\u00e9capitation la veille dun ressortissant japonais par l, alors que le Standard compte deux joueurs nippons, largement suivis par la presse japonaise. \u00c0 la suite des pol\u00e9miques suscit\u00e9es, les responsables de la confection du tifo indiquent que louvrage a \u00e9t\u00e9 envisag\u00e9 d\u00e8s novembre 2014, impliquant que cest lactualit\u00e9 qui nous a rattrap\u00e9s et non linverse Alors que le football reprend ce vendredi en Italie avec le dernier carr\u00e9 de la Coupe nationale, nous vous proposons un quizz sp\u00e9cial sur Dries Mertens. Lobjectif \u00e9tant de retrouver toutes les \u00e9quipes contre lesquelles le Belge a marqu\u00e9 en Serie A dep La fr\u00e9quentation de 20 Minutes est certifi\u00e9e par lACPM <img decoding=\"async\" src=\"http:\/\/www.madeinfoot.com\/img\/photos\/perform\/2014\/zoom\/liga--5eme-journee-barcelone-cinq-sur-cinq-20141212105927.jpg\" alt=\"prochaine rencontre standard anderlecht\" align=\"center\"> <img decoding=\"async\" src=\"http:\/\/www.rtl.be\/videos\/ged_vp\/09140000\/9148500\/9148514.jpg\" alt=\"prochaine rencontre standard anderlecht\" align=\"left\"> Le football: un jeu d\u00e9motions intenses en d\u00e9faite et en victoire, mais jamais dagressivit\u00e9. Il y a quelques mois, dans le cadre de lOp\u00e9ration Mains Propres, la Pro League prenait des mesures.. TIP Quel sera le nouvel entra\u00eeneur des Vert et Noir la saison prochaine? Lancien coach du Beerschot et de Saint-Trond \u00e9tait le favori il y a quelques jours, mais cela aurait chang\u00e9. Stijn Stijnen est pour le moment lentra\u00eeneur du Patro Maasmechelen et le moins que lon puisse dire cest que lancien Brugeois a de lambition. Il r\u00e9v\u00e8le aussi qui sont ses mod\u00e8les: Diego Simeone et Sa Pinto.  Belgique Jupiler Pro League : Calendrier R\u00e9sultats, journ\u00e9e : 30-Saison 20192020 Genk-Waasland-Beveren \u00e0 20:15 en clair sur VOOsport 1  Je veux une navigation optimale Appliquer mes param\u00e8tres pr\u00e9f\u00e9r\u00e9s et Pour f\u00eater la fin de lann\u00e9e, VOO propose ce week-end tous les matchs de Jupiler Pro League gratuitement \u00e0 ses abonn\u00e9s, dont le clasico. Cest quelquun que je connais bien. Jaurai un bon joueur en face de moi mais lui aussi, raconte Hanni, pour la RTBF. Il na pas un gros physique mais dans limpact, il est l\u00e0. Il est assez agressif. Apr\u00e8s, ce ne sera pas quun duel entre lui et moi. Le plus important cest quon puisse faire quelque chose de bien l\u00e0-bas et ramener des points.<\/p>\n","protected":false},"excerpt":{"rendered":"<p>prochaine rencontre standard anderlecht<\/p>\n","protected":false},"author":1,"featured_media":0,"comment_status":"closed","ping_status":"closed","sticky":false,"template":"","format":"standard","meta":{"footnotes":""},"categories":[1],"tags":[],"_links":{"self":[{"href":"https:\/\/dig-stuttgart.de\/info\/wp-json\/wp\/v2\/posts\/6984"}],"collection":[{"href":"https:\/\/dig-stuttgart.de\/info\/wp-json\/wp\/v2\/posts"}],"about":[{"href":"https:\/\/dig-stuttgart.de\/info\/wp-json\/wp\/v2\/types\/post"}],"author":[{"embeddable":true,"href":"https:\/\/dig-stuttgart.de\/info\/wp-json\/wp\/v2\/users\/1"}],"replies":[{"embeddable":true,"href":"https:\/\/dig-stuttgart.de\/info\/wp-json\/wp\/v2\/comments?post=6984"}],"version-history":[{"count":1,"href":"https:\/\/dig-stuttgart.de\/info\/wp-json\/wp\/v2\/posts\/6984\/revisions"}],"predecessor-version":[{"id":6985,"href":"https:\/\/dig-stuttgart.de\/info\/wp-json\/wp\/v2\/posts\/6984\/revisions\/6985"}],"wp:attachment":[{"href":"https:\/\/dig-stuttgart.de\/info\/wp-json\/wp\/v2\/media?parent=6984"}],"wp:term":[{"taxonomy":"category","embeddable":true,"href":"https:\/\/dig-stuttgart.de\/info\/wp-json\/wp\/v2\/categories?post=6984"},{"taxonomy":"post_tag","embeddable":true,"href":"https:\/\/dig-stuttgart.de\/info\/wp-json\/wp\/v2\/tags?post=6984"}],"curies":[{"name":"wp","href":"https:\/\/api.w.org\/{rel}","templated":true}]}}