{"id":6992,"date":"2020-07-06T00:06:55","date_gmt":"2020-07-06T00:06:55","guid":{"rendered":"http:\/\/dig-stuttgart.de\/info\/?p=6992"},"modified":"2020-06-28T06:56:53","modified_gmt":"2020-06-28T06:56:53","slug":"rencontre-interprofessionnelle-du-patrimoine","status":"publish","type":"post","link":"https:\/\/dig-stuttgart.de\/info\/2020\/07\/06\/rencontre-interprofessionnelle-du-patrimoine\/","title":{"rendered":"Rencontre Interprofessionnelle Du Patrimoine"},"content":{"rendered":"<p>sur www.nordeclair.fr, 3 mars 2018 consult\u00e9 le 21 mars 2018 Mettre en pratique en petits groupes en commen\u00e7ant un projet de jeu p\u00e9dagogique sur larchitecture et lurbanisme. 26 et 27 mars, \u00e0 lAuditorium de la Cit\u00e9 de larchitecture et du patrimoine LAJE est une sp\u00e9cialis\u00e9s sur les th\u00e9matiques environnementales. TEMP\u00c9RISATION DE DALLE POUR CHAUFFER OU RAFRA\u00ceCHIR LE CONFORT POUR LE TERTIAIRE Des solutions polym\u00e8res \u00e0 l infini www.rehau.fr B\u00e2timent Automobile Industrie Les b\u00e2timents tertiaires poss\u00e8dent des \u00e9quipements On estime \u00e0 environ 400 ha, la surface de lin bio r\u00e9colt\u00e9 en 2019. Le lin essentiellement cultiv\u00e9 en Normandie a souffert \u00e0 certains endroits, du froid puis de la s\u00e9cheresse du printemps. La tige est moins longue. Toutefois, la r\u00e9colte semble de bonne qualit\u00e9 et on esp\u00e8re obtenir de belles fibres. Nous ne conna\u00eetrons le r\u00e9sultat de cette r\u00e9colte quune fois que ce lin sera teill\u00e9 op\u00e9ration industrielle dextraction de la fibre. La production de lin bio sur une exploitation sint\u00e8gre \u00e0 tout un ensemble dautres productions v\u00e9g\u00e9tales et animales. Pour en savoir plus sur une exploitation produisant du lin bio :, avec un groupe dagriculteurs des CIVAMS normands. LAssociation des Journalistes du Jardin et de lHorticulture Avec Jean-Fran\u00e7ois Charrier, directeur des associ\u00e9s et du d\u00e9veloppement Pour rendre lacc\u00e8s \u00e0 Dinan plus facile, nous avons organis\u00e9 deux choses ; la navette automobile de la gare TGV de Rennes \u00e0 Dinan par trois passages le Vendredi, de 18 heures \u00e0 20 heures 30. Nous assurons \u00e9galement lh\u00e9bergement chez lhabitant des publics \u00e9tudiants et jeunes professionnels, il ne leur reste \u00e0 charge que le prix des repas pris en cr\u00eaperie. Attention le nombre de places restantes est limit\u00e9! Pour de lh\u00e9bergement gratuit prenez contact rapidement avec lorganisation Horlogerpendulerie.com En poursuivant votre navigation sur ce site, vous acceptez lutilisation des cookies pour vous proposer des contenus et des services adapt\u00e9s \u00e0 vos centres dint\u00e9r\u00eats. Les informations recueillies \u00e0 partir de ce formulaire sont enregistr\u00e9es et transmises aux personnes habilit\u00e9es de Fiducial Legal By Lamy, responsable de traitement, en charge du traitement de votre demande etou toutes personnes habilit\u00e9es des soci\u00e9t\u00e9s du groupe Fiducial et, en fonction de votre demande ou des obligations l\u00e9gales applicables, aux prestataires de Fiducial Legal By Lamy, \u00e0 des autorit\u00e9s publiques ou juridictionnelles ou \u00e0 des organisations internationales. RGE travaux Liste des qualifications et certifications par domaine de travaux 16012014 Ce document pr\u00e9sente la liste des qualifications et certifications RGE class\u00e9es par domaine de travaux li\u00e9s Lettre ouverte sur la situation des journalistes ind\u00e9pendants pendant la crise du Coronavirus Pr\u00e9sident Fondateur de lAUREP Association Universitaire de Recherches et dEnseignement sur le Patrimoine situ\u00e9e \u00e0 Clermont Ferrand. <img decoding=\"async\" src=\"http:\/\/www.clubpatrimoine.com\/upload\/photo\/25763_Photo_Capture%20d%E2%80%99%C3%A9cran%202014-03-06%20%C3%A0%2017.34.28_small.png\" alt=\"rencontre interprofessionnelle du patrimoine\" align=\"right\"> Le 10 nov. Et le 8 d\u00e9c. 2020 Permanence pour les malades..   PATRIMOINES ET CR\u00c9ATION Animer le patrimoine : est-ce r\u00e9enchanter le regard? de 14h \u00e0 16h <img decoding=\"async\" src=\"http:\/\/p.calameoassets.com\/170712180321-9ee5575659df02ed391b27121337a83e\/p1.jpg\" alt=\"rencontre interprofessionnelle du patrimoine\" align=\"right\">  Lobjectif de ces rencontres est de faire dialoguer tous les acteurs engag\u00e9s dans les r\u00e9flexions concernant le num\u00e9rique et la participation dans le secteur patrimonial. Prenant comme cas d\u00e9tude et de r\u00e9flexion les dispositifs num\u00e9riques participatifs relatifs au patrimoine, trois questions principales, qui sont autant de probl\u00e9matiques pluridisciplinaires \u00e0 aborder comme telles, sous-tendent ces rencontres <img decoding=\"async\" src=\"http:\/\/www.lxegend.cf\/uploads\/Image\/99\/1342_018_Noel-2013-Le-Studio-K-4.jpg\" alt=\"rencontre interprofessionnelle du patrimoine\" align=\"right\"> V\u00e9ritable structure de services, Ageas Patrimoine accompagne les CGP au quotidien dans le libre exercice de leur m\u00e9tier.<\/p>\n","protected":false},"excerpt":{"rendered":"<p>rencontre interprofessionnelle du patrimoine<\/p>\n","protected":false},"author":1,"featured_media":0,"comment_status":"closed","ping_status":"closed","sticky":false,"template":"","format":"standard","meta":{"footnotes":""},"categories":[1],"tags":[],"_links":{"self":[{"href":"https:\/\/dig-stuttgart.de\/info\/wp-json\/wp\/v2\/posts\/6992"}],"collection":[{"href":"https:\/\/dig-stuttgart.de\/info\/wp-json\/wp\/v2\/posts"}],"about":[{"href":"https:\/\/dig-stuttgart.de\/info\/wp-json\/wp\/v2\/types\/post"}],"author":[{"embeddable":true,"href":"https:\/\/dig-stuttgart.de\/info\/wp-json\/wp\/v2\/users\/1"}],"replies":[{"embeddable":true,"href":"https:\/\/dig-stuttgart.de\/info\/wp-json\/wp\/v2\/comments?post=6992"}],"version-history":[{"count":1,"href":"https:\/\/dig-stuttgart.de\/info\/wp-json\/wp\/v2\/posts\/6992\/revisions"}],"predecessor-version":[{"id":6993,"href":"https:\/\/dig-stuttgart.de\/info\/wp-json\/wp\/v2\/posts\/6992\/revisions\/6993"}],"wp:attachment":[{"href":"https:\/\/dig-stuttgart.de\/info\/wp-json\/wp\/v2\/media?parent=6992"}],"wp:term":[{"taxonomy":"category","embeddable":true,"href":"https:\/\/dig-stuttgart.de\/info\/wp-json\/wp\/v2\/categories?post=6992"},{"taxonomy":"post_tag","embeddable":true,"href":"https:\/\/dig-stuttgart.de\/info\/wp-json\/wp\/v2\/tags?post=6992"}],"curies":[{"name":"wp","href":"https:\/\/api.w.org\/{rel}","templated":true}]}}