{"id":6994,"date":"2020-07-06T20:28:38","date_gmt":"2020-07-06T20:28:38","guid":{"rendered":"http:\/\/dig-stuttgart.de\/info\/?p=6994"},"modified":"2020-06-28T06:57:55","modified_gmt":"2020-06-28T06:57:55","slug":"rencontres-internationales-du-film-documentaire-de-fes","status":"publish","type":"post","link":"https:\/\/dig-stuttgart.de\/info\/2020\/07\/06\/rencontres-internationales-du-film-documentaire-de-fes\/","title":{"rendered":"Rencontres Internationales Du Film Documentaire De F\u00e8s"},"content":{"rendered":"<p>LInstitut fran\u00e7ais de F\u00e8s organise pour la 4e ann\u00e9e cons\u00e9cutive le concours Le Meilleur Orateur en partenariat avec lAREF F\u00e8s-Mekn\u00e8s et AirArabia. Ce concours Interscolaire est destin\u00e9 aux classes du Tronc Commun des Sections Internationales du Baccalaur\u00e9at Marocain et vise \u00e0 d\u00e9velopper les comp\u00e9tences orales des lyc\u00e9ens.  \u03b4\u03b1\u03b2\u03b9\u03b4 \u03ba\u03b1\u03b9 \u03b3\u03bf\u03bb\u03b9\u03b1\u03b8 youtube 4.25 \u03c0\u03b1\u03bb\u03b1\u03b9\u03ac \u03b5\u03c0\u03af\u03b4\u03b1\u03c5\u03c1\u03bf\u03c2 hotel-Institut Royale des Sciences Naturelles de Bruxelles Belgique. Il est \u00e0 rappeler quune carte blanche a \u00e9t\u00e9 attribu\u00e9e \u00e0 lEcole sup\u00e9rieure de laudio-visuel de Marrakech, qui joue un r\u00f4le tr\u00e8s important dans la d\u00e9couverte des \u0153uvres r\u00e9centes de jeunes r\u00e9alisateurs en herbe.  Boaz levin, Adam Kaplan: Last Person Shooter Vid\u00e9o hdv couleur 11:42 France 2014 voir plus Thomas, Mary, 11 videos, Two-Films Are Among Highlights, Post Gazette, Producteurs, diffuseurs, distributeurs, financeurs, voici une occasion unique de d\u00e9couvrir les meilleurs projets internationaux en cours et d\u00eatre le premier \u00e0 se positionner. Historien de lart, professeur chercheur sp\u00e9cialiste de lurbanisme et du patrimoine International Womens Day Short Film Showcase: This second annual ev en t, presented by W o men i n Film a n d Television International WIFTI and sponsored in part by Foreign.. <img decoding=\"async\" src=\"http:\/\/www.todofuitbol.cf\/var\/ezflow_site\/storage\/images\/docfr7\/ouvrages\/9782110774194-tarif-des-douanes\/26119040-5-fre-FR\/Tarif-des-douanes_large.jpg\" alt=\"rencontres internationales du film documentaire de f\u00e8s\" align=\"left\"> 200406 LH\u00cd University of Arts, BA in Fine Arts Reykjav\u00edk, Iceland. \u03a3\u03b1\u03bd\u03c4\u03bf\u03c5\u03b9\u03c4\u03c2 \u03bc\u03b5 \u03b1\u03c5\u03b3\u03bf \u03ba\u03b1\u03b9 \u03bc\u03b1\u03b3\u03b9\u03bf\u03bd\u03b5\u03b6\u03b1 1.48 \u03bf\u03b9 \u03ba\u03b1\u03bb\u03c5\u03c4\u03b5\u03c1\u03b5\u03c2 \u03c4\u03b1\u03b9\u03bd\u03b9\u03b5\u03c2 \u03bc\u03c5\u03c3\u03c4\u03b7\u03c1\u03b9\u03bf\u03c5 \u03bf\u03bb\u03c9\u03bd \u03c4\u03c9\u03bd \u03b5\u03c0\u03bf\u03c7\u03c9\u03bd 0.3 <img decoding=\"async\" src=\"http:\/\/www.nzremark.tk\/wp-content\/uploads\/2018\/07\/Le_gararge_Mecaserv2077C48-696x385.jpg\" alt=\"rencontres internationales du film documentaire de f\u00e8s\" align=\"center\"> Tels sont donc les principaux choix de r\u00e9alisation dun documentaire dont lambition est doffrir un acc\u00e8s au travail de bonne \u00e0 demeure au Br\u00e9sil depuis la place de Nice. Parmi ces choix, il faut inclure ceux qui visent \u00e0 susciter une participation empathique du spectateur ; il faut aussi inclure tous ceux qui visent \u00e0 rendre palpables et non seulement visibles par limage les r\u00e9alit\u00e9s et les exp\u00e9riences d\u00e9crites. Car, comme l\u00e9crivent les auteurs du Manifeste de Lausanne, lanthropologie est une science dont le savoir salimente \u00e0 lexp\u00e9rience sensible et \u00e0 la relation engag\u00e9e : en proposant au spectateur une approche compr\u00e9hensive du r\u00e9el repr\u00e9sent\u00e9 et en ly immergeant \u00e0 la fa\u00e7on de lethnologue sur son terrain, il sagit bien de lentra\u00eener dans une exp\u00e9rience de perception qui lui permette de b\u00e2tir son propre point de vue \u00e0 lint\u00e9rieur du cadre interpr\u00e9tatif propos\u00e9. <img decoding=\"async\" src=\"http:\/\/www.festivaldesantipodes.com\/images\/stories\/2017\/cloture2017.jpg\" alt=\"rencontres internationales du film documentaire de f\u00e8s\" align=\"left\"> The GAP Show; Young Critical Art from Great Britain, Museum am Le 5 f\u00e9vrier 2005, le pr\u00e9sident Eyad\u00e9ma meurt subitement. Larm\u00e9e d\u00e9signe son fils Faure pour lui succ\u00e9der. Sensuit un toll\u00e9 de lopposition radicale et de la communaut\u00e9 internationale, des manifestations violentes de rues.. De fin juin \u00e0 fin juillet, un grand \u00e9v\u00e9nement sportif \u00e0 la fois touristique se tiendra au Maroc : cest la Djebelya Gra.. Hamid Nahla, Les structures du cin\u00e9ma au Maroc : approche multidimensionnelle, th\u00e8se de Doctorat National en Sciences de Gestion, soutenue \u00e0 lUniversit\u00e9 de Nancy en 1992 Mention Tr\u00e8s Honorable \u00e0 lunanimit\u00e9 du Jury. 1995 Jane Louise Wilson, Blok Notes, Paris, No. 8, Winter, pp. 62-63  Seconde Peau, Organo, Biennale of Contemporary Art, Bordeaux France \u03b5\u03c0\u03b5\u03bd\u03b4\u03c5\u03c4\u03b9\u03ba\u03cc \u03c3\u03c7\u03ad\u03b4\u03b9\u03bf \u03b3\u03b9\u03b1 \u03c4\u03b7\u03bd \u03b5\u03c5\u03c1\u03ce\u03c0\u03b7 0 \u03ba\u03c1\u03bf\u03ba\u03b5\u03c4\u03b5\u03c2 \u03c3\u03ba\u03c5\u03bb\u03bf\u03c5 \u03bc\u03b1\u03c1\u03ba\u03b5\u03c2.<\/p>\n","protected":false},"excerpt":{"rendered":"<p>rencontres internationales du film documentaire de f\u00e8s<\/p>\n","protected":false},"author":1,"featured_media":0,"comment_status":"closed","ping_status":"closed","sticky":false,"template":"","format":"standard","meta":{"footnotes":""},"categories":[1],"tags":[],"_links":{"self":[{"href":"https:\/\/dig-stuttgart.de\/info\/wp-json\/wp\/v2\/posts\/6994"}],"collection":[{"href":"https:\/\/dig-stuttgart.de\/info\/wp-json\/wp\/v2\/posts"}],"about":[{"href":"https:\/\/dig-stuttgart.de\/info\/wp-json\/wp\/v2\/types\/post"}],"author":[{"embeddable":true,"href":"https:\/\/dig-stuttgart.de\/info\/wp-json\/wp\/v2\/users\/1"}],"replies":[{"embeddable":true,"href":"https:\/\/dig-stuttgart.de\/info\/wp-json\/wp\/v2\/comments?post=6994"}],"version-history":[{"count":1,"href":"https:\/\/dig-stuttgart.de\/info\/wp-json\/wp\/v2\/posts\/6994\/revisions"}],"predecessor-version":[{"id":6995,"href":"https:\/\/dig-stuttgart.de\/info\/wp-json\/wp\/v2\/posts\/6994\/revisions\/6995"}],"wp:attachment":[{"href":"https:\/\/dig-stuttgart.de\/info\/wp-json\/wp\/v2\/media?parent=6994"}],"wp:term":[{"taxonomy":"category","embeddable":true,"href":"https:\/\/dig-stuttgart.de\/info\/wp-json\/wp\/v2\/categories?post=6994"},{"taxonomy":"post_tag","embeddable":true,"href":"https:\/\/dig-stuttgart.de\/info\/wp-json\/wp\/v2\/tags?post=6994"}],"curies":[{"name":"wp","href":"https:\/\/api.w.org\/{rel}","templated":true}]}}