{"id":7016,"date":"2020-07-06T21:02:43","date_gmt":"2020-07-06T21:02:43","guid":{"rendered":"http:\/\/dig-stuttgart.de\/info\/?p=7016"},"modified":"2020-06-28T07:09:25","modified_gmt":"2020-06-28T07:09:25","slug":"dating-femmes-somme","status":"publish","type":"post","link":"https:\/\/dig-stuttgart.de\/info\/2020\/07\/06\/dating-femmes-somme\/","title":{"rendered":"Dating Femmes Somme"},"content":{"rendered":"<p>Une soir\u00e9e sympathique entre c\u00e9libataires pour faire de nouvelles rencontres et tisser des liens. Les ayants droit dun pensionn\u00e9 ou dun salari\u00e9 ouvrant droit \u00e0 pension peuvent b\u00e9n\u00e9ficier dune pension de survivants. <img decoding=\"async\" src=\"http:\/\/ship-st.com\/images\/ship\/dynamics\/mchene.jpg\" alt=\"dating femmes somme\" align=\"right\"> Conseill\u00e9e aux femmes qui essaient de concevoir depuis plusieurs mois sans succ\u00e8s, la courbe de temp\u00e9rature est une m\u00e9thode est assez fastidieuse. Elle consiste \u00e0 prendre sa temp\u00e9rature tous les matins au r\u00e9veil, dans les m\u00eames conditions : m\u00eame mani\u00e8re voie rectale, buccale ou axillaire, au m\u00eame moment et avec le m\u00eame thermom\u00e8tre. Une fois la temp\u00e9rature prise, il suffit de la reporter quotidiennement sur une feuille sp\u00e9ciale, \u00e0 se procurer chez le gyn\u00e9cologue ou le pharmacien, ou sur le net. Jai une question : mon employeur ma inform\u00e9 hier que travaillant chez eux depuis moins de 3 mois, je naurai pas d\u00fb lui demander lindemnisation exceptionnelle. Y-a-t-il donc une date limite dembauche pour beneficier du ch\u00f4mage partiel svp? et pouvez vous me donner les references du texte qui en parle svp? Merci davance Lassur\u00e9 per\u00e7oit des allocations familiales pour chaque enfant \u00e0 sa charge, selon la limite d\u00e2ge pr\u00e9vue : Jai re\u00e7u un cr\u00e9dit dimp\u00f4t pour cette ann\u00e9e pourraient de nounou et il me demande la moiti\u00e9. Bonjour, je suis \u00e0 la retraite. Puis-je percevoir la prime de no\u00ebl? bonjour jai bien re\u00e7u la prime de no\u00ebl par pole emploi en d\u00e9cembre de 152 Dans quel cas, votre contrat de travail peut-il \u00eatre suspendu?  les propos que ma tenu ce monsieur, ou: les propos que ma tenus ce monsieur si on est un homme dabord ou si on est une femme, ensuite. Pour la formule devant faire la somme des points obtenus par les hommes du groupe CE : Bonjour, je ne suis pas s\u00fbr de ma r\u00e9ponse, aussi je pr\u00e9f\u00e8re vous inviter \u00e0 consulter lAdil. Bonjour \u00e0 la communaut\u00e9. Je suis divorc\u00e9 depuis 2016. Je verse une PA pour mes trois enfants depuis ce jugement. Mon ex-\u00e9pouse mavise hier quelle a chang\u00e9 de situation fiscale puisquayant refait sa vie elle a d\u00e9clar\u00e9 depuis le d\u00e9but de cette ann\u00e9e 2019 larriv\u00e9e de son concubin dans le foyer. De ce fait, ce dernier ayant une situation financi\u00e8re honorable, mon ex-\u00e9pouse ne peut plus pr\u00e9tendre \u00e0 certaines aides sociales APL, Allocation rentr\u00e9e scolaire, baisse des prestations familiales.. Par cons\u00e9quent elle me demande de partager les frais inh\u00e9rents \u00e0 la cantine scolaire, les transports scolaires \u00e0 compter de la rentr\u00e9e scolaire prochaine. Ceci nest pas pr\u00e9vu dans mon jugement de divorce. Pour ma part ma situation personnelle et financi\u00e8re na pas chang\u00e9. Concr\u00e8tement il faudrait que je pallie \u00e0 sa nouvelle situation conjugale et fiscale car ce nest pas \u00e0 son concubin de payer pour nos enfants!!! Suis je dans mon bon droit de refuser de payer ce suppl\u00e9ment ind\u00e9pendant de ma volont\u00e9 mais d\u00e9pendant bien de la sienne!! je pense que vous \u00eates bien agressif, pourquoi? Quand on touche de 600 par mois tout compris nous sommes super bien lotis? \u00c0 la diff\u00e9rence des personnes qui touchent le RSA nous navons pas tous ses aides \u00e0 c\u00f4t\u00e9, pour les personnes qui percevoir lAAH tu as \u00e7a et d\u00e9merdes-toi avec pour payer ton loyer, tes charges et autres Lindemnit\u00e9 journali\u00e8re forfaitaire en cas de difficult\u00e9s li\u00e9es \u00e0 la grossesse  Bonjour, \u00e9tant donn\u00e9 quil ny a ni consensus ni r\u00e8gle fixe sur la f\u00e9minisation des noms de m\u00e9tiers, je vous invite \u00e0 consulter : 80 des ch\u00f4meurs? des sources? et si on a cotis\u00e9 dans le pass\u00e9 en bossant et que lon sest retrouv\u00e9 au rsa par la force des choses? branleur aussi? 400 euros de ta paye cest aussi pour ta future retraite tes apl surement? ta caf si tu as des enfants? ta securit\u00e9 sociale? faut arr\u00eater de jalouser comme ca! mets toi au rsa et tu verras cest la belle vie! Une assistance t\u00e9l\u00e9phonique Allo INDEX EGA PRO est disponible au 0 800 009 110 service gratuit prix dun appel. Pierre angulaire du dispositif daccompagnement, ce num\u00e9ro permet daider les entreprises de 50 salari\u00e9s et plus \u00e0 calculer leur Index de l\u00e9galit\u00e9 professionnelle. <img decoding=\"async\" src=\"http:\/\/www.worldtaekwondo.org\/wp-content\/uploads\/2018\/08\/KakaoTalk_20180816_145154202.jpg\" alt=\"dating femmes somme\" align=\"right\"> <img decoding=\"async\" src=\"http:\/\/blog.evensi.com\/wp-content\/uploads\/2017\/11\/christmas-tree-lights.jpg\" alt=\"dating femmes somme\" align=\"right\"> La que conna\u00eet le pays a de fortes r\u00e9percussions sur lemploi.  Bonjour Cath, tout d\u00e9pend du sens, est-cela liste que vous avez demand\u00e9e? Ou les prototypes qui y figurent?<\/p>\n","protected":false},"excerpt":{"rendered":"<p>dating femmes somme<\/p>\n","protected":false},"author":1,"featured_media":0,"comment_status":"closed","ping_status":"closed","sticky":false,"template":"","format":"standard","meta":{"footnotes":""},"categories":[1],"tags":[],"_links":{"self":[{"href":"https:\/\/dig-stuttgart.de\/info\/wp-json\/wp\/v2\/posts\/7016"}],"collection":[{"href":"https:\/\/dig-stuttgart.de\/info\/wp-json\/wp\/v2\/posts"}],"about":[{"href":"https:\/\/dig-stuttgart.de\/info\/wp-json\/wp\/v2\/types\/post"}],"author":[{"embeddable":true,"href":"https:\/\/dig-stuttgart.de\/info\/wp-json\/wp\/v2\/users\/1"}],"replies":[{"embeddable":true,"href":"https:\/\/dig-stuttgart.de\/info\/wp-json\/wp\/v2\/comments?post=7016"}],"version-history":[{"count":1,"href":"https:\/\/dig-stuttgart.de\/info\/wp-json\/wp\/v2\/posts\/7016\/revisions"}],"predecessor-version":[{"id":7017,"href":"https:\/\/dig-stuttgart.de\/info\/wp-json\/wp\/v2\/posts\/7016\/revisions\/7017"}],"wp:attachment":[{"href":"https:\/\/dig-stuttgart.de\/info\/wp-json\/wp\/v2\/media?parent=7016"}],"wp:term":[{"taxonomy":"category","embeddable":true,"href":"https:\/\/dig-stuttgart.de\/info\/wp-json\/wp\/v2\/categories?post=7016"},{"taxonomy":"post_tag","embeddable":true,"href":"https:\/\/dig-stuttgart.de\/info\/wp-json\/wp\/v2\/tags?post=7016"}],"curies":[{"name":"wp","href":"https:\/\/api.w.org\/{rel}","templated":true}]}}