{"id":7020,"date":"2020-07-06T15:01:26","date_gmt":"2020-07-06T15:01:26","guid":{"rendered":"http:\/\/dig-stuttgart.de\/info\/?p=7020"},"modified":"2020-06-28T07:11:10","modified_gmt":"2020-06-28T07:11:10","slug":"espaces-rencontres-dijon","status":"publish","type":"post","link":"https:\/\/dig-stuttgart.de\/info\/2020\/07\/06\/espaces-rencontres-dijon\/","title":{"rendered":"Espaces Rencontres Dijon"},"content":{"rendered":"<p>Rencontre enseignants animateurs-Mercredi 8 juin-Les Bains du Nord-17h3018h30 Derniers T3 et T4 disponibles Pr\u00eat \u00e0 habiter! Un habitat de qualit\u00e9 dans la nouvelle \u00e9cocit\u00e9 Jardin des Mara\u00eechers Lundi et vendredi 9H00-12H30 Mardi au jeudi 9H00-12H30 13H30-17H00 <img decoding=\"async\" src=\"http:\/\/www.yumurwta.tk\/wp-content\/uploads\/2018\/05\/jonc-vintage-405x270.jpg\" alt=\"espaces rencontres dijon\" align=\"center\"> Projetez-vous dans votre appartement T4 \u00e0 NouvelR, comme si vous y \u00e9tiez! Lordre du jour propos\u00e9 est le suivant : Pr\u00e9paration de lassembl\u00e9e g\u00e9n\u00e9rale acad\u00e9mique du 7 d\u00e9cembre 2018 Questions.. En partenariat avec le Frac Franche-Comt\u00e9 et le Frac Bourgogne Station DiviaV\u00e9lodi ancienne g\u00e9n\u00e9ration 2008-2017. Nous vous proposons, au, de plonger dans le Londres du XIX\u00e8me Si\u00e8cle au cot\u00e9 du c\u00e9l\u00e8bre D\u00e9tective, Histoire du d\u00e9partement de la C\u00f4te-dOr, \u00c9ditions Jean-Paul Gisserot, 2004 Inspir\u00e9s par le festival Les Solidarit\u00e9s, le VYV Festival propose, au-del\u00e0 dun rendez-vous musical, un temps pour vivre ensemble ouvert \u00e0 tous les publics et f\u00e9d\u00e9rant toutes les g\u00e9n\u00e9rations. Tes voyages, tes impressions et tes conseils sont une source dinspiration et de progression. Propose tes r\u00e9cits sur le blog. Eug\u00e8ne Fyot, Dijon, son pass\u00e9 \u00e9voqu\u00e9 par ses rues, Dijon, Damidot, 1928, 529 p.   accueilli elle-m\u00eame toutes ces dijonnaises \u00e0 lint\u00e9rieur du z\u00e9nith \u00c0 l s\u00e9tend le, premier contrefort des plateaux calcaires bourguignons. Laltitude varie de 350 \u00e0 500 m. Le plateau est parsem\u00e9 de nombreuses \u00e9troites et profondes appel\u00e9es ; la plus importante est la vall\u00e9e de lOuche au nord-est du plateau. Des buttes r\u00e9siduelles sen d\u00e9tachent : les bourgs de et de sy sont \u00e9difi\u00e9s ; Si vous avez le choix \u00e9vitez, je ne vois rien qui peut inciter quelqun a setablir sauf lancontrainte profesionnelle. Ville de taille moyenne qui souffre dun gros complexe de sup\u00e9riorit\u00e9 que lon retrouve dans le comportement de ses habitants. Ce nest pas une ville frontali\u00e8re, pas une ville c\u00f4ti\u00e8re et elle nest travers\u00e9e que par des touristes qui ne restent pas plus de temps quil ne faut pour la visiter : une journ\u00e9e. En r\u00e9sulte un esprit \u00e9triqu\u00e9, parvenu et assez m\u00e9diocre. Si lon est joueur on peut en rigoler mais \u00e0 la longue c est usant de les prendre au second degre. Surfaces commerciales disproportionn\u00e9es en font une ville sans \u00e2me o\u00f9 lon se raconte comment on d\u00e9pens\u00e9 son argent en se prenant pour un lyonnais ou pire un parisien mais sans en \u00eatre. Pourtant il y a des \u00e9tudiants mais ils sont rel\u00e9gu\u00e9s \u00e0 lext\u00e9rieur du centre et ont droit \u00e0 un bout de rue pour leurs soir\u00e9es. Sachant aussi que les etudiants font le choix de Paris pour ceux du nord de la Bourgogne, dOrl\u00e9ans pour ceux de la Ni\u00e8vre et de Lyon pour ceux de la Sa\u00f4ne et Loire vous avez au final une universit\u00e9 peupl\u00e9e largement de jeunes du m\u00eame d\u00e9partement. La ville est donc morne comme son climat o\u00f9 le brouillard et le froid auront raison de vous, pr\u00e9parez vos cures de vitamine D si vous devez rester plusieurs ann\u00e9es. Larchitecture est jolie mais vous en aurez fait le tour en une journ\u00e9e. La campagne alentour est m\u00e9pris\u00e9e par les dijonnais alors quau fond la c\u00f4te dOr vaut plus le coup que sa capitale y compris pour ses habitants ses jolies balades. Si vous cherchez une ville moyenne pour vous installer il y en a dautres nettement plus ouvertes et notamment Besan\u00e7on pas tres loin qui ne se prend pas pour une autre avec des habitants accueillants. Cest bien simple quand on arrive \u00e0 Paris depuis Dijon et bien le Parisien nous semble assez sympa. Quant \u00e0 y \u00e9lever des enfants je ne le recommanderais pas compte tenu de la contagion de la mentalit\u00e9 locale car en fait l\u00e9tat desprit assez minable nest pas forc\u00e9ment seulement celui de purs dijonnais mais cest celui de la ville qui contamine ses habitants do\u00f9 quils viennent. De mani\u00e8re g\u00e9n\u00e9rale cest une ville dont lavenir pose question, la rente de la moutarde et limpact des vignobles assez \u00e9loign\u00e9s \u00e9tant ses seuls atouts la ville ne semble pas vouloir \u00e9voluer et rester une sorte de mus\u00e9e des ann\u00e9es 80. Comment vit-on vraiment des appartenances embo\u00eet\u00e9es? <img decoding=\"async\" src=\"http:\/\/eduter.fr\/wp-content\/uploads\/2016\/11\/PFor.png\" alt=\"espaces rencontres dijon\" align=\"right\"> Nous demanderons \u00e0 chacun de respecter les gestes barri\u00e8res et les protocoles mis en place. De notre c\u00f4t\u00e9, nous navons jamais attendu que l\u00e9cologie Se former dans les domaines de ling\u00e9nierie, des sciences et des technologies  <img decoding=\"async\" src=\"http:\/\/www.note.anglersacademy.org\/media\/00\/02\/1397942263.jpg\" alt=\"espaces rencontres dijon\" align=\"right\">.<\/p>\n","protected":false},"excerpt":{"rendered":"<p>espaces rencontres dijon<\/p>\n","protected":false},"author":1,"featured_media":0,"comment_status":"closed","ping_status":"closed","sticky":false,"template":"","format":"standard","meta":{"footnotes":""},"categories":[1],"tags":[],"_links":{"self":[{"href":"https:\/\/dig-stuttgart.de\/info\/wp-json\/wp\/v2\/posts\/7020"}],"collection":[{"href":"https:\/\/dig-stuttgart.de\/info\/wp-json\/wp\/v2\/posts"}],"about":[{"href":"https:\/\/dig-stuttgart.de\/info\/wp-json\/wp\/v2\/types\/post"}],"author":[{"embeddable":true,"href":"https:\/\/dig-stuttgart.de\/info\/wp-json\/wp\/v2\/users\/1"}],"replies":[{"embeddable":true,"href":"https:\/\/dig-stuttgart.de\/info\/wp-json\/wp\/v2\/comments?post=7020"}],"version-history":[{"count":1,"href":"https:\/\/dig-stuttgart.de\/info\/wp-json\/wp\/v2\/posts\/7020\/revisions"}],"predecessor-version":[{"id":7021,"href":"https:\/\/dig-stuttgart.de\/info\/wp-json\/wp\/v2\/posts\/7020\/revisions\/7021"}],"wp:attachment":[{"href":"https:\/\/dig-stuttgart.de\/info\/wp-json\/wp\/v2\/media?parent=7020"}],"wp:term":[{"taxonomy":"category","embeddable":true,"href":"https:\/\/dig-stuttgart.de\/info\/wp-json\/wp\/v2\/categories?post=7020"},{"taxonomy":"post_tag","embeddable":true,"href":"https:\/\/dig-stuttgart.de\/info\/wp-json\/wp\/v2\/tags?post=7020"}],"curies":[{"name":"wp","href":"https:\/\/api.w.org\/{rel}","templated":true}]}}