{"id":7030,"date":"2020-07-06T05:53:47","date_gmt":"2020-07-06T05:53:47","guid":{"rendered":"http:\/\/dig-stuttgart.de\/info\/?p=7030"},"modified":"2020-06-28T07:15:08","modified_gmt":"2020-06-28T07:15:08","slug":"rencontres-a-pau","status":"publish","type":"post","link":"https:\/\/dig-stuttgart.de\/info\/2020\/07\/06\/rencontres-a-pau\/","title":{"rendered":"Rencontres \u00c0 Pau"},"content":{"rendered":"<p>Ballades en for\u00eat Repas entre amis Sorties entre amis <img decoding=\"async\" src=\"http:\/\/mathematicum.univ-pau.fr\/site\/wp-content\/uploads\/2016\/05\/fiche-1-724x1024.jpg\" alt=\"rencontres \u00e0 pau\" align=\"center\"> Une pr\u00e9-journ\u00e9e sur le th\u00e8me de la vid\u00e9o et ses composantes-la technique, la sc\u00e9narisation et les usages-avec le Wonder France Festival festival de vid\u00e9os en ligne d\u00e9di\u00e9 \u00e0 la promotion du tourisme,   Pour ces troisi\u00e8mes rencontres anthro-Pau-logiques, notre ambition est daborder le\u0301mancipation, celle qui libe\u0300re, permettant de cre\u0301er et de penser lUtopie. Dans ce cadre, le ro\u0302le des me\u0301dia est inde\u0301niable. La question centrale qui nous occupe est celle de la transition qui sope\u0300re entre la presse communautaire dhier et daujourdhui, et la presse propagandiste me\u0301diatrice du discours dominant. Nous voulions comprendre lincidence de ce de\u0301collement sur les trajectoires individuelles et le de\u0301veloppement dune pense\u0301e collective porte\u0301e par la critique et le\u0301mancipation. Dans ce se\u0301minaire pluridisciplinaire, nous invitons a\u0300 re\u0301fle\u0301chir sur les notions de critique et de\u0301mancipation en partant dexemples-types de me\u0301dias et acteurs de presse communautaire, mais aussi de sujets socie\u0301taux en rapport, ou non, avec cette presse. Dans le m\u00eame esprit, les Chefs dEtat en appellent aux partenaires internationaux \u00e0 concr\u00e9tiser les engagements pris en d\u00e9cembre 2018 \u00e0 la Conf\u00e9rence des donateurs de Nouakchott pour la mise en \u0153uvre du Programme dInvestissement Prioritaire PIP du G5 Sahel. Bonjour je suis une maman de 39 ans et un petit loulou de 1 an j habite bayonne je cherche a me faire des connaissances afin de me faire de nouveaux amis Donc je suis ouverte \u00e0 toute discute mais dans le sens du respect. Ces Troph\u00e9es Social Media Awards portent sur les campagnes ou actions social media conduites par les destinations touristiques, 14 dossiers s\u00e9lectionn\u00e9s et 3 finalistes ont \u00e9t\u00e9 retenus. En poursuivant votre navigation, vous acceptez lutilisation de cookies afin de r\u00e9aliser des statistiques de visites et de vous proposer des services et offres adapt\u00e9es \u00e0 vos centres dint\u00e9r\u00eat. Collecte dinformations associ\u00e9es \u00e0 celles pr\u00e9cit\u00e9es pour affiner et diffuser des publicit\u00e9s pertinentes, puis bonjour a tous apres une separation j ai une grande envie de resortir et me faire de nouveaux amis,j aime les balades a pieds ou a velos,la mer,la montagne le jardinage,la cuisine,la musique,shopping,le cine,le resto etc etc&#8230;alors n hesiter pas contacter moi A la cl\u00e9 : 5 000 \u00e0 gagner. Les crit\u00e8res de s\u00e9lection? Les entreprises innovantes de moins de 3 ans dexistence dont le si\u00e8ge social est \u00e9tabli en France, proposant un service dans le secteur du Etourisme. Bonjour, je suis une jolie femme mince et bien proportionn\u00e9e, totalement bi depuis longtemps! Jaime les courbes f\u00e9minines.. Je recherche une femme sensuelle,coquine et sans tabous pour partager nos plaisirs..  <img decoding=\"async\" src=\"http:\/\/www.jettetoialeau.com\/rencontre\/photo\/cadre_20161016210755_Jessica45891.jpg\" alt=\"rencontres \u00e0 pau\" align=\"right\"> fin de la pr\u00e9sente saison, soit avant le 30 juin 2020, afin de limiter le risque de contentieux en fin de saison prochaine, <img decoding=\"async\" src=\"http:\/\/www.fcmartigues.com\/wp-content\/uploads\/2013\/03\/Football-19%C3%A8me-journ%C3%A9e-CFA-groupe-C-saison-2012-2013-Report%C3%A9-deux-fois-le-match-est-reprogramm%C3%A9-au-27-mars.jpg\" alt=\"rencontres \u00e0 pau\" align=\"left\"> En poursuivant votre navigation sur ce site, vous acceptez l, afin de vous proposer une meilleure exp\u00e9rience. Accepter et fermer Sur la r\u00e9gion paloise nous pouvons recevoir ou nous d\u00e9placer y compris.. Nous vous proposons des rencontres s\u00e9rieuses, cest \u00e0 dire des personnes avec lesquelles il y aura une v\u00e9ritable connexion. Fidelio, groupe leader dagences matrimoniales en France avec pr\u00e8s dune centaine dagences matrimoniales s\u00e9rieuses sur le territoire fran\u00e7ais se positionne plus que jamais comme la solution fiable et efficace pour faire la Bonne rencontre. Juger et vous aime pour ce que vous \u00eates. Voila ce Pour ceux qui ne le connaissent pas encore, cest le meilleur moyen de visiter la ville sans tomber dinanition.<\/p>\n","protected":false},"excerpt":{"rendered":"<p>rencontres \u00e0 pau<\/p>\n","protected":false},"author":1,"featured_media":0,"comment_status":"closed","ping_status":"closed","sticky":false,"template":"","format":"standard","meta":{"footnotes":""},"categories":[1],"tags":[],"_links":{"self":[{"href":"https:\/\/dig-stuttgart.de\/info\/wp-json\/wp\/v2\/posts\/7030"}],"collection":[{"href":"https:\/\/dig-stuttgart.de\/info\/wp-json\/wp\/v2\/posts"}],"about":[{"href":"https:\/\/dig-stuttgart.de\/info\/wp-json\/wp\/v2\/types\/post"}],"author":[{"embeddable":true,"href":"https:\/\/dig-stuttgart.de\/info\/wp-json\/wp\/v2\/users\/1"}],"replies":[{"embeddable":true,"href":"https:\/\/dig-stuttgart.de\/info\/wp-json\/wp\/v2\/comments?post=7030"}],"version-history":[{"count":1,"href":"https:\/\/dig-stuttgart.de\/info\/wp-json\/wp\/v2\/posts\/7030\/revisions"}],"predecessor-version":[{"id":7031,"href":"https:\/\/dig-stuttgart.de\/info\/wp-json\/wp\/v2\/posts\/7030\/revisions\/7031"}],"wp:attachment":[{"href":"https:\/\/dig-stuttgart.de\/info\/wp-json\/wp\/v2\/media?parent=7030"}],"wp:term":[{"taxonomy":"category","embeddable":true,"href":"https:\/\/dig-stuttgart.de\/info\/wp-json\/wp\/v2\/categories?post=7030"},{"taxonomy":"post_tag","embeddable":true,"href":"https:\/\/dig-stuttgart.de\/info\/wp-json\/wp\/v2\/tags?post=7030"}],"curies":[{"name":"wp","href":"https:\/\/api.w.org\/{rel}","templated":true}]}}