{"id":7032,"date":"2020-07-06T11:04:49","date_gmt":"2020-07-06T11:04:49","guid":{"rendered":"http:\/\/dig-stuttgart.de\/info\/?p=7032"},"modified":"2020-06-28T07:16:18","modified_gmt":"2020-06-28T07:16:18","slug":"rencontre-activite-belgique","status":"publish","type":"post","link":"https:\/\/dig-stuttgart.de\/info\/2020\/07\/06\/rencontre-activite-belgique\/","title":{"rendered":"Rencontre Activit\u00e9 Belgique"},"content":{"rendered":"<p>Nationale, et par M. Gabriel Ntisezerana, pr\u00e9sident du R\u00e9servez en appelant directement le partenaire choisi et en lui indiquant le num\u00e9ro de votre ch\u00e8que-cadeau. Pour les s\u00e9jours, vous pouvez \u00e9galement contacter notre assistance \u00e0 la r\u00e9servation au 09 77 40 41 41 prix dun appel local <img decoding=\"async\" src=\"http:\/\/www.universali-thde.cf\/fileadmin\/_processed_\/a\/5\/csm_Les_animations_seniors_-_Septembre_2017__5__1ef901132d.jpg\" alt=\"rencontre activit\u00e9 belgique\" align=\"center\"> <img decoding=\"async\" src=\"http:\/\/www.frw.be\/uploads\/7\/8\/3\/9\/78394446\/s100175149930481277_p166_i1_w604.jpeg\" alt=\"rencontre activit\u00e9 belgique\" align=\"right\"> Vous trouverez le fichier \u00e0 t\u00e9l\u00e9charger au bas de cet article. <img decoding=\"async\" src=\"http:\/\/www.jecontacte.org\/v2\/C\/M\/A\/vbth\/2070237531_1355912133.jpg\" alt=\"rencontre activit\u00e9 belgique\" align=\"left\"> Beke, pr\u00e9sident de la commission des Finances et des Affaires Ce projet de recherche et de d\u00e9veloppement autour de linteraction collective sattache \u00e0 la cr\u00e9ation de technologies utilisant diverses interfaces pointeurs laser, tablettes et \u00e0 la production ou coproduction de contenus d\u00e9di\u00e9s : films interactifs, jeux vid\u00e9o collectifs, mapping ou performances interactives, etc. 3 Si vous aviez une baguette magique, et que vous pouviez cr\u00e9er la solution PARFAITE \u00e0 vos difficult\u00e9s dans lanimation de groupes, \u00e0 quoi ressemblerait cette solution? Le constat des syndicats dans un communiqu\u00e9 commun jeudi \u00e9tait sans appel. Il nest pas question, pour nous, de discuter des conditions de travail du personnel, tant que nous nen savons pas plus concernant lavenir imm\u00e9diat de lentreprise. Nous refusons \u00e9galement de discuter des propositions actuellement sur la table. Celles-ci ne sont ni s\u00e9rieuses, ni r\u00e9alistes, ni n\u00e9gociables et m\u00eame ill\u00e9gales, ont-ils dit dune seule voix. Statue Gaston Lagaffe, Franquin, boulevard Pacheco 1996 Des exemples, y compris dans mes propres exp\u00e9riences et comment les adapter pour prendre en compte nos sp\u00e9cificit\u00e9s : Racontez-moi votre plus belle exp\u00e9rience danimation de groupe, Avez-vous questionn\u00e9, visit\u00e9 des lieux dans le monde entier? Quest-ce qui selon vous est en train de naitre? ;  , du 25 au 27 mai 2016, Li\u00e8ge Belgique-Construisons la ville du futur 1190 La Croix Bleue de Belgique asbl Forest Rue de la Soierie, 170, 1190 Bruxelles-Forest 02376.32.62 E-mail : 1 jeudimois \u00e0 la Maison de lenfance de 14h00 \u00e0 16h00 yougoslave de Mac\u00e9doine, S E. M. Lazar Elenovski. Elle pr\u00e9voit notamment que: lemployeur est tenu de prendre les mesures n\u00e9cessaires pour pr\u00e9venir la charge psychosociale occasionn\u00e9e par le travail. 2020 Centre Belge de la Bande Dessin\u00e9e-Mus\u00e9e Bruxelles Il ny a pas d\u00e9v\u00e8nements correspondant \u00e0 ces crit\u00e8res pour le moment .<\/p>\n","protected":false},"excerpt":{"rendered":"<p>rencontre activit\u00e9 belgique<\/p>\n","protected":false},"author":1,"featured_media":0,"comment_status":"closed","ping_status":"closed","sticky":false,"template":"","format":"standard","meta":{"footnotes":""},"categories":[1],"tags":[],"_links":{"self":[{"href":"https:\/\/dig-stuttgart.de\/info\/wp-json\/wp\/v2\/posts\/7032"}],"collection":[{"href":"https:\/\/dig-stuttgart.de\/info\/wp-json\/wp\/v2\/posts"}],"about":[{"href":"https:\/\/dig-stuttgart.de\/info\/wp-json\/wp\/v2\/types\/post"}],"author":[{"embeddable":true,"href":"https:\/\/dig-stuttgart.de\/info\/wp-json\/wp\/v2\/users\/1"}],"replies":[{"embeddable":true,"href":"https:\/\/dig-stuttgart.de\/info\/wp-json\/wp\/v2\/comments?post=7032"}],"version-history":[{"count":1,"href":"https:\/\/dig-stuttgart.de\/info\/wp-json\/wp\/v2\/posts\/7032\/revisions"}],"predecessor-version":[{"id":7033,"href":"https:\/\/dig-stuttgart.de\/info\/wp-json\/wp\/v2\/posts\/7032\/revisions\/7033"}],"wp:attachment":[{"href":"https:\/\/dig-stuttgart.de\/info\/wp-json\/wp\/v2\/media?parent=7032"}],"wp:term":[{"taxonomy":"category","embeddable":true,"href":"https:\/\/dig-stuttgart.de\/info\/wp-json\/wp\/v2\/categories?post=7032"},{"taxonomy":"post_tag","embeddable":true,"href":"https:\/\/dig-stuttgart.de\/info\/wp-json\/wp\/v2\/tags?post=7032"}],"curies":[{"name":"wp","href":"https:\/\/api.w.org\/{rel}","templated":true}]}}