{"id":7046,"date":"2020-07-06T12:23:05","date_gmt":"2020-07-06T12:23:05","guid":{"rendered":"http:\/\/dig-stuttgart.de\/info\/?p=7046"},"modified":"2020-06-28T07:27:07","modified_gmt":"2020-06-28T07:27:07","slug":"rencontre-bethune-62","status":"publish","type":"post","link":"https:\/\/dig-stuttgart.de\/info\/2020\/07\/06\/rencontre-bethune-62\/","title":{"rendered":"Rencontre Bethune 62"},"content":{"rendered":"<p>Separee et habitant pres de Calais, je recherche amies pour sorties simples rando, shopping, ballades dans les environs, resto, cine. Rencontre black Bethune 62400 : hommes et femmes africaines Salut je mappelle Sol\u00e8ne, jai 35 ans. Je suis sans enfants. Je suis seule depuis lann\u00e9e derni\u00e8re, je cherche \u00e0 faire des rencontres. <img decoding=\"async\" src=\"http:\/\/phrnl.rosselcdn.net\/sites\/default\/files\/imagecache\/vdn_photo_principale_article\/articles\/ophotos\/20170727\/1489564079_B9712728440Z.1_20170727235017_000_G1J9GJ5SC.1-0.jpg\" alt=\"rencontre bethune 62\" align=\"right\"> Voici la liste des principales villes situ\u00e9es dans le d\u00e9partement du Pas de Calais ou dans les environs proches :  Il sagit dune premi\u00e8re exp\u00e9rience donc nous ne sommes pas press\u00e9s afin d\u00e9viter.. Bonjour, je recherche personne s pour partager moments agr\u00e9ables resto, cin\u00e9, ballade, piscine, sauna&#8230; Ne pas trop exposer le produit dans un environnement agit\u00e9, alcoolis\u00e9 et bruyant. Habituellement le 4e mercredi du mois, de 9h \u00e0 11h30. Jaime les tenues provocantes. Jadore quand un mec se retourne sur moi dans la rue. Pour assurer discr\u00e9tion et tranquilit\u00e9 l\u00e9tablissement accueillant le Speed Dating est indiqu\u00e9 par SMS aux inscrits uniquement au plus tard la veille de la date pr\u00e9vue \u00e0 21h. Il sagit en g\u00e9n\u00e9ral dun bar ou dun restaurant Thibaud Varnier,, sur le site M\u00e9t\u00e9oclimat, 2008 consult\u00e9 le 8 octobre 2011 On est jamais assez prudent. Vous \u00eates d\u00e9jant\u00e9 et aimez surement les lieux qui le sont tout autant, elle, peut-\u00eatre plus romantique se laissera s\u00e9duire par dautres bars, plus intimiste, \u00e0 lambiance plus calme. Les contraires sattirent comme on dit! \u00c7a sera pour vous loccasion de d\u00e9couvrir dautres ambiance que celles auxquelles vous \u00eates habitu\u00e9s. Pour \u00eatre s\u00fbr de son coup, un seul mot dordre : miser sur les grands classique. Le Centre, le MAC Ewans III, ou encore le Kerry Yob proposent une ambiance conviviale et anim\u00e9e. Que lon soit seul ou en bonne compagnie, on est s\u00fbr dy passer un bon moment! Allez y d\u00e9guster une bi\u00e8re, un d\u00e9licieux chocolat chaud ou encore un cocktail, le choix soffre \u00e0 vous! Pour une touche de folie, le Beff caf\u00e9 propose des soir\u00e9es \u00e0 th\u00e8me le weekend o\u00f9 vous pourrez partager un slow avec votre bien aim\u00e9e.. Pour les curieux et les joueurs, friands de d\u00e9couvertes Le suspect, accus\u00e9 par des proches, nie toute implication <img decoding=\"async\" src=\"http:\/\/i38.servimg.com\/u\/f38\/15\/18\/62\/71\/20150116.jpg\" alt=\"rencontre bethune 62\" align=\"right\"> <img decoding=\"async\" src=\"http:\/\/imguol.com\/2012\/10\/03\/jogadores-do-palmeiras-comemoram-o-gol-marcado-por-luan-contra-o-millonarios-1349234867356_1920x1080.jpg\" alt=\"rencontre bethune 62\" align=\"right\"> Pour en savoir plus, y compris sur la fa\u00e7on de contr\u00f4ler les cookies, reportez-vous nos conditions de confidentialit\u00e9 : L occupe la r\u00e9gion, \u00e0 proximit\u00e9 dArras, il y a 200 000 ans. Des pointes barbel\u00e9es en os et bois de cervid\u00e9 dat\u00e9es autour de 10 000 av J-C. Ont \u00e9t\u00e9 retrouv\u00e9es \u00e0 B\u00e9thune et Beuvry, ainsi que des outils plus r\u00e9cents dans le marais de Beuvry-7000 \u00e0-5000 ans, au. Au-4000 \u00e0-1600 ans, lactivit\u00e9 soriente vers lagriculture et l\u00e9levage ; une occupation \u00e0 l-1600 \u00e0-800 est \u00e9galement attest\u00e9e sur le territoire de Beuvry. C\u00e9libatatante depuis de nombreuses ann\u00e9es, je me sens finalement seule A Rexpo\u00ebde, pr\u00e8s de Bergues, Vincent Labb\u00e9 a particip\u00e9 \u00e0 la formation Cinq jours pour entreprendre \u00e0 la CCI littoral   Vous pouvez d\u00e8s \u00e0 pr\u00e9sent faire vos demande de r\u00e9servation sur le site web de la BU, apr\u00e8s vous \u00eatre authentifi\u00e9 avec vos codes.. Votre r\u00e9daction cessera de travailler, en vue de la prochaine \u00e9dition imprim\u00e9e, avec les titres voisins Necessary cookies are absolutely essential for the website to function properly. This category only includes cookies that ensures basic functionalities and security features of the website. These cookies do not store any personal information. Homme h\u00e9t\u00e9ro de 53 ans divorc\u00e9, recherche rencontre s\u00e9rieuse.<\/p>\n","protected":false},"excerpt":{"rendered":"<p>rencontre bethune 62<\/p>\n","protected":false},"author":1,"featured_media":0,"comment_status":"closed","ping_status":"closed","sticky":false,"template":"","format":"standard","meta":{"footnotes":""},"categories":[1],"tags":[],"_links":{"self":[{"href":"https:\/\/dig-stuttgart.de\/info\/wp-json\/wp\/v2\/posts\/7046"}],"collection":[{"href":"https:\/\/dig-stuttgart.de\/info\/wp-json\/wp\/v2\/posts"}],"about":[{"href":"https:\/\/dig-stuttgart.de\/info\/wp-json\/wp\/v2\/types\/post"}],"author":[{"embeddable":true,"href":"https:\/\/dig-stuttgart.de\/info\/wp-json\/wp\/v2\/users\/1"}],"replies":[{"embeddable":true,"href":"https:\/\/dig-stuttgart.de\/info\/wp-json\/wp\/v2\/comments?post=7046"}],"version-history":[{"count":1,"href":"https:\/\/dig-stuttgart.de\/info\/wp-json\/wp\/v2\/posts\/7046\/revisions"}],"predecessor-version":[{"id":7047,"href":"https:\/\/dig-stuttgart.de\/info\/wp-json\/wp\/v2\/posts\/7046\/revisions\/7047"}],"wp:attachment":[{"href":"https:\/\/dig-stuttgart.de\/info\/wp-json\/wp\/v2\/media?parent=7046"}],"wp:term":[{"taxonomy":"category","embeddable":true,"href":"https:\/\/dig-stuttgart.de\/info\/wp-json\/wp\/v2\/categories?post=7046"},{"taxonomy":"post_tag","embeddable":true,"href":"https:\/\/dig-stuttgart.de\/info\/wp-json\/wp\/v2\/tags?post=7046"}],"curies":[{"name":"wp","href":"https:\/\/api.w.org\/{rel}","templated":true}]}}