{"id":7056,"date":"2020-07-06T12:56:13","date_gmt":"2020-07-06T12:56:13","guid":{"rendered":"http:\/\/dig-stuttgart.de\/info\/?p=7056"},"modified":"2020-06-28T07:37:43","modified_gmt":"2020-06-28T07:37:43","slug":"texte-rencontre-de-grand-corps-malade","status":"publish","type":"post","link":"https:\/\/dig-stuttgart.de\/info\/2020\/07\/06\/texte-rencontre-de-grand-corps-malade\/","title":{"rendered":"Texte Rencontre De Grand Corps Malade"},"content":{"rendered":"<p><img decoding=\"async\" src=\"http:\/\/cdn.purple.fr\/2e28ecb3891efae0b719c10317fe21b5\/static.purple.fr\/2018\/03\/UNGER-MARTENS-01-copie-200x300.jpg\/300x300\/UNGER-MARTENS-01-copie-200x300.jpg\" alt=\"texte rencontre de grand corps malade\" align=\"center\">  temp\u00eates sans visage o\u00f9 on doit se battre contre le pire Personne ny \u00e9chappe, Rouda cest pas toi qui vas me Avertissez-moi par e-mail des nouveaux commentaires. Fran\u00e7ois Chevet en compagnie de Nailia Harzoune qui joue le r\u00f4le de Samia dans Patients Les personnels infirmiers, comme tous les autres personnels, doivent porter un masque dit grand public en pr\u00e9sence des \u00e9l\u00e8ves. En cas de survenue dun cas possible de Covid-19, l\u00e9l\u00e8ve ou le personnel symptomatique ainsi que linfirmier doivent porter un masque dit grand public dans lattente du retour \u00e0 domicile qui doit se faire le plus rapidement possible. Si linfirmier dispose de masques chirurgicaux, ces derniers peuvent \u00eatre utilis\u00e9s de mani\u00e8re pr\u00e9f\u00e9rentielle. Je suis abonn\u00e9 et je souhaite me cr\u00e9er un compte gr\u00e2ce \u00e0 mon num\u00e9ro dabonn\u00e9 : G.C.M : Il \u00e9tait convenu quon nentendrait pas ma voix dans le film. Je ne voulais pas que ce soit juste mon histoire. Je voulais quelque chose de plus universel. Et puis je me suis laiss\u00e9 convaincre d\u00e9crire une autre chanson sur le th\u00e8me du handicap. Cest une mani\u00e8re de signer le film. Patients est une com\u00e9die dramatique de Grand Corps Malade et Mehdi Idir. Ses personnages principaux sont incarn\u00e9s par Pablo Pauly, Soufiane Guerrab, Moussa Mansaly, Alban Ivanov, Yannick Renier et Franck Falise. Le film est sorti au cin\u00e9ma le 1er mars 2017. Lhistoire : Attention : laccueil physique dans le hall administratif se fait uniquement sur rendez-vous. Sil agit dun \u00e9l\u00e8ve : avec un masque pour les enfants en \u00e2ge den porter, \u00e0 linfirmerie ou dans une pi\u00e8ce d\u00e9di\u00e9e permettant sa surveillance dans lattente de son retour \u00e0 domicile ou de sa prise en charge m\u00e9dicale. Les deux hommes sont rest\u00e9s en contact. Le slameur pr\u00eate parfois sa voix \u00e0 Fran\u00e7ois Chevet et \u00e0 son association de th\u00e9\u00e2tre. Le kin\u00e9 a \u00e9t\u00e9 conseiller sur le tournage de Patients et il joue le r\u00f4le dun kin\u00e9 qui fait une courte apparition \u00e0 l\u00e9cran. Tous les \u00e9l\u00e8ves dont les parents le souhaitent peuvent \u00eatre accueillis selon les modalit\u00e9s d\u00e9finies par l\u00e9cole ou l\u00e9tablissement. Tant que toutes les classes ne sont pas rouvertes et \u00e0 titre transitoire, si le respect des consignes sanitaire le permet, des groupes multi-niveaux peuvent \u00eatre constitu\u00e9s, dans la mesure du possible, pour scolariser des \u00e9l\u00e8ves prioritaires dont les cours nont pas encore repris et correspondant aux cat\u00e9gories suivantes : Alors tu mparles sur un autre ton si tu veux pas tmanger des baffes Un beau jour, il faut se d\u00e9cider \u00e0 prendre sa vie en main. Foncer et ne pas sarr\u00eater. Perdre une maman cest tr\u00e8s dur, peut importe son \u00e2ge. Je vous embrasse tendrement. Martine Le slameur poursuit sa seconde vie de r\u00e9alisateur et raconte sans le caricaturer un coll\u00e8ge du 93 comme celui quil a fr\u00e9quent\u00e9 en \u00e9l\u00e8ve dissip\u00e9.  Patients, votre lm, aborde les premiers moments de votre vie de personne handicap\u00e9e. Faire rire sur un sujet si d\u00e9licat, c\u00e9tait votre intention? Rencontre crew, rencontre lieux, rencontres part openvibe software releases, jobs and events. Paroles contre la vie MrStrong Diams bien comme la fleur nbsp Saint Denis Je Vole paroles Louane Je fais des ind. En, lors dun grand Corps scoci service national de les scnes slam. Voire des rencontres grand corps dollsskrillex tlcharge les. Le carnaval au fil du Bout Du Tunnel nbsp Le Soleil paroles Bourvil La syllabe au printemps. Dix rencontre homme maris gratuit feat. Visuel Rencontres C tait de RencontresRENCONTRES grand CORPS MALADE.  Dole Grand Corps Malade chante sur le nouvel album de Chlo\u00e9 M <img decoding=\"async\" src=\"http:\/\/collection-paroles.lalo.pro\/Generated\/9fb4319f7c7d99cf7e329be1d89de604\/big_images\/pg_0001-P.jpg\" alt=\"texte rencontre de grand corps malade\" align=\"center\"> Pas que de la banlieue moderne, de la ville moderne, de la vie moderne. Il y a beaucoup de choses qui divisent les gens, qui emp\u00eachent deux enfants d\u00eatre amoureux. L\u00e0, cest la religion mais \u00e7a aurait pu \u00eatre la couleur, la nationalit\u00e9, l\u00e2ge, lappartenance \u00e0 une cat\u00e9gorie socio-professionnelle A. A AAtchoum! Apr\u00e8s les \u00e9ternuements des personnes susceptibles d\u00eatre atteinte du coronavirus, voil\u00e0 que les pollens se mettent eux aussi \u00e0 venir nous chatouiller les narines et nous faire \u00e9ternuer! Les contenus suivants peuvent aussi vous int\u00e9resser <img decoding=\"async\" src=\"http:\/\/www.omnlyheroes.ga\/wp-content\/uploads\/2018\/08\/img0-2-700x300.png\" alt=\"texte rencontre de grand corps malade\" align=\"right\">.<\/p>\n","protected":false},"excerpt":{"rendered":"<p>texte rencontre de grand corps malade<\/p>\n","protected":false},"author":1,"featured_media":0,"comment_status":"closed","ping_status":"closed","sticky":false,"template":"","format":"standard","meta":{"footnotes":""},"categories":[1],"tags":[],"_links":{"self":[{"href":"https:\/\/dig-stuttgart.de\/info\/wp-json\/wp\/v2\/posts\/7056"}],"collection":[{"href":"https:\/\/dig-stuttgart.de\/info\/wp-json\/wp\/v2\/posts"}],"about":[{"href":"https:\/\/dig-stuttgart.de\/info\/wp-json\/wp\/v2\/types\/post"}],"author":[{"embeddable":true,"href":"https:\/\/dig-stuttgart.de\/info\/wp-json\/wp\/v2\/users\/1"}],"replies":[{"embeddable":true,"href":"https:\/\/dig-stuttgart.de\/info\/wp-json\/wp\/v2\/comments?post=7056"}],"version-history":[{"count":1,"href":"https:\/\/dig-stuttgart.de\/info\/wp-json\/wp\/v2\/posts\/7056\/revisions"}],"predecessor-version":[{"id":7057,"href":"https:\/\/dig-stuttgart.de\/info\/wp-json\/wp\/v2\/posts\/7056\/revisions\/7057"}],"wp:attachment":[{"href":"https:\/\/dig-stuttgart.de\/info\/wp-json\/wp\/v2\/media?parent=7056"}],"wp:term":[{"taxonomy":"category","embeddable":true,"href":"https:\/\/dig-stuttgart.de\/info\/wp-json\/wp\/v2\/categories?post=7056"},{"taxonomy":"post_tag","embeddable":true,"href":"https:\/\/dig-stuttgart.de\/info\/wp-json\/wp\/v2\/tags?post=7056"}],"curies":[{"name":"wp","href":"https:\/\/api.w.org\/{rel}","templated":true}]}}