{"id":7062,"date":"2020-07-06T10:46:51","date_gmt":"2020-07-06T10:46:51","guid":{"rendered":"http:\/\/dig-stuttgart.de\/info\/?p=7062"},"modified":"2020-06-28T07:38:58","modified_gmt":"2020-06-28T07:38:58","slug":"rencontres-quebec-france","status":"publish","type":"post","link":"https:\/\/dig-stuttgart.de\/info\/2020\/07\/06\/rencontres-quebec-france\/","title":{"rendered":"Rencontres Qu\u00e9bec France"},"content":{"rendered":"<p><img decoding=\"async\" src=\"http:\/\/www.of-slanting-shore.de\/offspring\/H1.jpg\" alt=\"rencontres qu\u00e9bec france\" align=\"left\">  \u00c0 la rencontre de lAssociation Qu\u00e9bec-France Lanaudi\u00e8re 2019-10-08 2019-10-10 https:www.moniquepauze.quebecwp-contentuploads201912logo2020bleu.png Monique Pauz\u00e9 https:www.moniquepauze.quebecwp-contentuploads201910monique-la-rencontre-de-lassociation-qubec-france-lanaudire.jpg 200px 200px Au plaisir de vous accueillir aux journ\u00e9es Etudier au Qu\u00e9bec. Les commentaires ne seront publi\u00e9s quapr\u00e8s validation de ToulouseWeb. Limprovisation ne conna\u00eet aucune fronti\u00e8re. Les com\u00e9diens de la Semi-Lustr\u00e9e de Montr\u00e9al seront \u00e0 Toulouse pour un spectacle exceptionnel. Of the week-Rumour Mill feat. Anne-Marie Will Official Video via <img decoding=\"async\" src=\"http:\/\/www.smcaen.fr\/sites\/default\/files\/depeche\/2015-2016\/duhamel_buteur.jpg\" alt=\"rencontres qu\u00e9bec france\" align=\"left\"> la n\u00e9cessit\u00e9 de travailler \u00e0 un niveau artisanal dans un premier temps, Rechercher un service ou un professionnel dans notre annuaire :   <img decoding=\"async\" src=\"http:\/\/windermeremanor.com\/wp-content\/uploads\/surtout-certains-joueurs.jpg\" alt=\"rencontres qu\u00e9bec france\" align=\"right\"> AMQ et Mont-Blanc Industries sengagent \u00e0 encourager leurs communaut\u00e9s daffaires et leur personnel \u00e0 d\u00e9velopper et \u00e0 entretenir des relations privil\u00e9gi\u00e9es avec leurs vis-\u00e0-vis \u00e9trangers. Nous allons favoriser lorganisation dactivit\u00e9s, d\u00e9changes et de rencontres afin dencourager le d\u00e9veloppement de liens daffaires de nos territoires respectifs, principalement dans les secteurs de la\u00e9ronautique, de la mobilit\u00e9, de la robotique-automatisation, de la m\u00e9canique et des composantes m\u00e9talliques de toute nature., de conclure Philippe Blais, directeur g\u00e9n\u00e9ral dAMQ. Quand, dans votre avant dernier paragraphe, vous dites:..le Qu\u00e9bec est le seul \u00c9tat au Canada qui ose faire bouger, etc etc.. Dans le dossier: fiscalit\u00e9 \u00e0 imposer aux g\u00e9ants du num\u00e9rique..Pourquoi la France h\u00e9site-elle, si la France et le Qu\u00e9bec ont toute l\u00e9gitimit\u00e9 pour porter cette mesure sur la sc\u00e8ne internationale? Ya-t-il entrave de la part du Canada? Pourtant la France a bien un projet de loi sur la table politique? Contribuer \u00e0 la vie du r\u00e9seau professionnel, cest aussi observer ce qui se construit ailleurs, rep\u00e9rer les processus dexp\u00e9rimentation, inciter \u00e0 de nouvelles pratiques. Pour d\u00e9velopper ces initiatives, lOnda travaille le plus souvent dans une dynamique partenariale. Il est lun des pionniers de la production mara\u00eech\u00e8re bio-intensive. Jean-Martin Fortier a d\u00e9velopp\u00e9 avec sa femme une ferme sans tracteur ni labour, sur moins dun hectare, pr\u00e8s de Montr\u00e9al, qui lui a permis de g\u00e9n\u00e9rer des ventes de plus de 150 000 dollars par saison avec une marge b\u00e9n\u00e9ficiaire denviron 50, nourrissant plus de 250 familles par saison soit davril \u00e0 novembre pour un maraicher et trois saisonniers. Expert Tips and Advice on Dating in New York City via 25 RAISONS DE NE PAS SE SENTIR INF\u00c9RIEUR DEVANT UN PARISIEN La technologie Pyrowave : le recyclage du polystyr\u00e8ne \u00e0 linfini Avec la d\u00e9faite de Lesage, en 1966, et l\u00e9lection des unionistes de Daniel, les f\u00e9d\u00e9raux esp\u00e9r\u00e8rent un moment que la pouss\u00e9e internationale du Qu\u00e9bec ralentirait, et m\u00eame quelle ne serait bient\u00f4t plus quun souvenir. Il nen fut rien. En avril 1967, Johnson se rendit en visite officielle \u00e0 Paris, fut re\u00e7u avec des \u00e9gards comparables \u00e0 ceux dont de Gaulle avait honor\u00e9 Lesage et invita le pr\u00e9sident fran\u00e7ais \u00e0. La suite est connue: voulant marquer son appui aux revendications nationales des Qu\u00e9b\u00e9cois par un geste d\u00e9clat, de Gaulle, prenant la parole au balcon de lh\u00f4tel de ville de Montr\u00e9al, lan\u00e7a \u00e0 la foule le fameux Vive le Qu\u00e9bec libre, quatre mots qui firent le tour du monde. Du coup, l\u00e9tat des relations entre Ottawa et Paris changea radicalement. De Gaulle et la France furent d\u00e9sormais consid\u00e9r\u00e9s comme des obstacles \u00e0 lunit\u00e9 canadienne.<\/p>\n","protected":false},"excerpt":{"rendered":"<p>rencontres qu\u00e9bec france<\/p>\n","protected":false},"author":1,"featured_media":0,"comment_status":"closed","ping_status":"closed","sticky":false,"template":"","format":"standard","meta":{"footnotes":""},"categories":[1],"tags":[],"_links":{"self":[{"href":"https:\/\/dig-stuttgart.de\/info\/wp-json\/wp\/v2\/posts\/7062"}],"collection":[{"href":"https:\/\/dig-stuttgart.de\/info\/wp-json\/wp\/v2\/posts"}],"about":[{"href":"https:\/\/dig-stuttgart.de\/info\/wp-json\/wp\/v2\/types\/post"}],"author":[{"embeddable":true,"href":"https:\/\/dig-stuttgart.de\/info\/wp-json\/wp\/v2\/users\/1"}],"replies":[{"embeddable":true,"href":"https:\/\/dig-stuttgart.de\/info\/wp-json\/wp\/v2\/comments?post=7062"}],"version-history":[{"count":1,"href":"https:\/\/dig-stuttgart.de\/info\/wp-json\/wp\/v2\/posts\/7062\/revisions"}],"predecessor-version":[{"id":7063,"href":"https:\/\/dig-stuttgart.de\/info\/wp-json\/wp\/v2\/posts\/7062\/revisions\/7063"}],"wp:attachment":[{"href":"https:\/\/dig-stuttgart.de\/info\/wp-json\/wp\/v2\/media?parent=7062"}],"wp:term":[{"taxonomy":"category","embeddable":true,"href":"https:\/\/dig-stuttgart.de\/info\/wp-json\/wp\/v2\/categories?post=7062"},{"taxonomy":"post_tag","embeddable":true,"href":"https:\/\/dig-stuttgart.de\/info\/wp-json\/wp\/v2\/tags?post=7062"}],"curies":[{"name":"wp","href":"https:\/\/api.w.org\/{rel}","templated":true}]}}