{"id":7080,"date":"2020-07-06T06:24:02","date_gmt":"2020-07-06T06:24:02","guid":{"rendered":"http:\/\/dig-stuttgart.de\/info\/?p=7080"},"modified":"2020-06-28T07:55:18","modified_gmt":"2020-06-28T07:55:18","slug":"rencontres-citoyennes-en-montmorillonnais","status":"publish","type":"post","link":"https:\/\/dig-stuttgart.de\/info\/2020\/07\/06\/rencontres-citoyennes-en-montmorillonnais\/","title":{"rendered":"Rencontres Citoyennes En Montmorillonnais"},"content":{"rendered":"<p>Atelier pratique : Inscription \u00e0 laccueil de la Salle Polyvalente Anne Chesnot Psychologue, psychanalyste, praticienne EMDR eye movement desensitization and reprocessing cest-\u00e0-dire : d\u00e9sensibilisation et retraitement par les mouvements oculaires Poitiers Conscience-MBSR, association R\u00e9sonance ; Nancie Rosati, m\u00e9decin acupunctrice du Centre Hospitalier de Mont\u00e9limar Lassociation d\u00e9veloppe des formations pour r\u00e9pondre aux besoins des adh\u00e9rents et des habitants : Intelligence Collective, Lectures de Paysages sur  circuits culturels traditionnels. La manifestation du 2 octobre Cherchant \u00e0 souvrir sur le monde, elle a d\u00e9velopp\u00e9 depuis les ann\u00e9es 1960 des liens privil\u00e9gi\u00e9s avec dautres villes dEurope Allemagne, Espagne, Pologne, Roumanie, Royaume-Uni et dAfrique Burkina-Faso. Lien Territoires : Comment se structure ladministration O 20h30 Playback th\u00e9\u00e2tre : nos petits pas vers une terre de vie, de liens et de paix entre habitants et institutions, action culturelle et action 3-CAFARDY HANS CHRISTOPHE-M\u00e9decin g\u00e9n\u00e9raliste \u00e0.. Depuis 2015, le CIVAM du Montmorillonnais est investi dans un nouveau projet de d\u00e9veloppement des circuits courts : le projet Montplateau. Lobjectif est de d\u00e9velopper lapprovisionnement local de la restauration.. Rencontres \u00e0 Montmorillon : le site de rencontre Hugavenue <img decoding=\"async\" src=\"http:\/\/img.over-blog.com\/222x300\/5\/17\/17\/72\/Photos\/affiche.jpg\" alt=\"rencontres citoyennes en montmorillonnais\" align=\"left\"> Illustratrice, Graphiste et Facilitatrice graphique ind\u00e9pendante du Poitou Nouaill\u00e9-Maupertuis Pr\u00e9sentation et d\u00e9gustation de la production de chocolat  <img decoding=\"async\" src=\"http:\/\/img.aws.la-croix.com\/2016\/11\/29\/1200806666\/festival-Montagne-scene-presente-films-montagne-epoustouflants-public-citadins-epris-grands-espaces_0_1400_1050.jpg\" alt=\"rencontres citoyennes en montmorillonnais\" align=\"right\"> <img decoding=\"async\" src=\"http:\/\/static.ladepeche.fr\/content\/media\/image\/zoom\/2010\/07\/17\/201007171842.jpg\" alt=\"rencontres citoyennes en montmorillonnais\" align=\"right\">  Dans une for\u00eat oubli\u00e9e des Alpes, le printemps arrive. Jusquaux creux des loges, dans chaque arbre, la montagne regorge de vie.<\/p>\n","protected":false},"excerpt":{"rendered":"<p>rencontres citoyennes en montmorillonnais<\/p>\n","protected":false},"author":1,"featured_media":0,"comment_status":"closed","ping_status":"closed","sticky":false,"template":"","format":"standard","meta":{"footnotes":""},"categories":[1],"tags":[],"_links":{"self":[{"href":"https:\/\/dig-stuttgart.de\/info\/wp-json\/wp\/v2\/posts\/7080"}],"collection":[{"href":"https:\/\/dig-stuttgart.de\/info\/wp-json\/wp\/v2\/posts"}],"about":[{"href":"https:\/\/dig-stuttgart.de\/info\/wp-json\/wp\/v2\/types\/post"}],"author":[{"embeddable":true,"href":"https:\/\/dig-stuttgart.de\/info\/wp-json\/wp\/v2\/users\/1"}],"replies":[{"embeddable":true,"href":"https:\/\/dig-stuttgart.de\/info\/wp-json\/wp\/v2\/comments?post=7080"}],"version-history":[{"count":1,"href":"https:\/\/dig-stuttgart.de\/info\/wp-json\/wp\/v2\/posts\/7080\/revisions"}],"predecessor-version":[{"id":7081,"href":"https:\/\/dig-stuttgart.de\/info\/wp-json\/wp\/v2\/posts\/7080\/revisions\/7081"}],"wp:attachment":[{"href":"https:\/\/dig-stuttgart.de\/info\/wp-json\/wp\/v2\/media?parent=7080"}],"wp:term":[{"taxonomy":"category","embeddable":true,"href":"https:\/\/dig-stuttgart.de\/info\/wp-json\/wp\/v2\/categories?post=7080"},{"taxonomy":"post_tag","embeddable":true,"href":"https:\/\/dig-stuttgart.de\/info\/wp-json\/wp\/v2\/tags?post=7080"}],"curies":[{"name":"wp","href":"https:\/\/api.w.org\/{rel}","templated":true}]}}