{"id":7128,"date":"2020-07-06T13:00:27","date_gmt":"2020-07-06T13:00:27","guid":{"rendered":"http:\/\/dig-stuttgart.de\/info\/?p=7128"},"modified":"2020-06-28T08:20:36","modified_gmt":"2020-06-28T08:20:36","slug":"rencontre-melun","status":"publish","type":"post","link":"https:\/\/dig-stuttgart.de\/info\/2020\/07\/06\/rencontre-melun\/","title":{"rendered":"Rencontre Melun"},"content":{"rendered":"<p>Contact melun pour rencontre amoureuse sur copyright 2008-2020 Homme celibataire Je suis un homme qui recherche une femme disponible cette semaine pour v homme dans villa \u00e0 saint francois Dialogue, \u00e9change, partage.. Tout est possible, rien est obligatoire.. Homme bi de 26 ans c\u00e9libataire, recherche rencontre \u00e9ph\u00e9m\u00e8re. Si cela est suffisant pour souhaiter me d\u00e9couvrir alors nh\u00e9sitez pas.  Int\u00e9r\u00eats communs : Caf\u00e9 et conversations, Restaurant, Jardinage Entretien paysager, Musique et concerts, Sports Retrouvez-nous en t\u00e9l\u00e9chargeant lapplication MYTF1 Femme de 20 ans cherche homme pour rencontre amicale salut je ne peut pas vous r\u00e9pondre je ne sais pas pourquoi alors ajout\u00e9 moi sur kik laura.esp77 et je devient cochone si tu a les dlc de bf4 ps3 Rencontre Derni\u00e8re ligne droite et dernier match de N.3 pour le Volley Club M\u00e2connais, qui rencontre Melun dimanche 28 avril \u00e0 15h, au Palais des Sports de M\u00e2con. Venez soutenir les M\u00e2connais pour la mont\u00e9e. 5 septembre 1914 : limpressionnante rencontre de Joffre et French \u00e0 Melun Les guerres dhier au jour le jour jeu, 06112020-12:00 Mardi 16 juin Journ\u00e9e daction Sant\u00e9 Conception des contenus de formation num\u00e9riques synopsis, story-board  Les acc\u00e8s aux gares peuvent \u00eatre modifi\u00e9s et certains acc\u00e8s ferm\u00e9s, avant votre voyage consultez pour obtenir plus dinformation.  Le Groupe Thoiry : ZooSafari de Thoiry-Safari de Peaugres-Ch\u00e2teau et parc du Colombier-Zoo Santo ln\u00e2cio <img decoding=\"async\" src=\"http:\/\/www.subject.serenitynowmassagetherapy.com\/img\/400\/59565b20759ff-services-entreprise-tous-corps-d-etat-tce--renovation-soc-melun-77000-ile-de-france-2-400.jpg\" alt=\"rencontre melun\" align=\"center\"> <img decoding=\"async\" src=\"http:\/\/www.another.michaelbonafede.com\/wp-content\/uploads\/2016\/01\/Marianne-92.jpg\" alt=\"rencontre melun\" align=\"right\"> La conduite dentretiens individuels en face \u00e0 face La rubrique Aide des navigateurs vous indique comment param\u00e9trer et d\u00e9sactiver les cookies. Femme h\u00e9t\u00e9ro de 36 ans c\u00e9libataire, recherche rencontre s\u00e9rieuse. Je me pr\u00e9nom Monique age de 37 ans Je cherche a trouver un homme parmi tant dautre avec un grand c\u0153ur pouvant maccueillir dans son c\u0153ur <img decoding=\"async\" src=\"http:\/\/www.jettetoialeau.com\/rencontre\/photo\/cadre_20090317114744_rebecca01.jpg\" alt=\"rencontre melun\" align=\"left\"> ma silhouette est plut\u00f4t avec quelques formes, je suis \u00e0 la retraite, J\u00e8sp\u00e8re avoir bient\u00f4t de nouveaux contacts.. Bises Jaime les femmes qui ont du r\u00e9pondant et de maturit\u00e9! France Wannonce est pr\u00efsent dans les principales villes de France :,,,,,,,,,,,,,,,,,,,,,,,,,,,,,,,,,,,,,,,,,,. Par ailleurs, vous pouvez exclure les membres avec lesquels vous ne souhaitez pas \u00eatre mise en contact. 2020 Espace Unicis S.A, Tous droits r\u00e9serv\u00e9s Site r\u00e9alis\u00e9 par Scanu R\u00e9my Je mappelle Th\u00e9o, jai 18 ans 1m80, 78kg je suis brun, yeux marron vert 17cm entre les jambes et encore dans les \u00e9tudes pour devenir pompier de Paris. Je recherche une femme ou deux maximum plus \u00e2g\u00e9es que moi car celle-ci mattire \u00e9norm\u00e9ment&#8230;<\/p>\n","protected":false},"excerpt":{"rendered":"<p>rencontre melun<\/p>\n","protected":false},"author":1,"featured_media":0,"comment_status":"closed","ping_status":"closed","sticky":false,"template":"","format":"standard","meta":{"footnotes":""},"categories":[1],"tags":[],"_links":{"self":[{"href":"https:\/\/dig-stuttgart.de\/info\/wp-json\/wp\/v2\/posts\/7128"}],"collection":[{"href":"https:\/\/dig-stuttgart.de\/info\/wp-json\/wp\/v2\/posts"}],"about":[{"href":"https:\/\/dig-stuttgart.de\/info\/wp-json\/wp\/v2\/types\/post"}],"author":[{"embeddable":true,"href":"https:\/\/dig-stuttgart.de\/info\/wp-json\/wp\/v2\/users\/1"}],"replies":[{"embeddable":true,"href":"https:\/\/dig-stuttgart.de\/info\/wp-json\/wp\/v2\/comments?post=7128"}],"version-history":[{"count":1,"href":"https:\/\/dig-stuttgart.de\/info\/wp-json\/wp\/v2\/posts\/7128\/revisions"}],"predecessor-version":[{"id":7129,"href":"https:\/\/dig-stuttgart.de\/info\/wp-json\/wp\/v2\/posts\/7128\/revisions\/7129"}],"wp:attachment":[{"href":"https:\/\/dig-stuttgart.de\/info\/wp-json\/wp\/v2\/media?parent=7128"}],"wp:term":[{"taxonomy":"category","embeddable":true,"href":"https:\/\/dig-stuttgart.de\/info\/wp-json\/wp\/v2\/categories?post=7128"},{"taxonomy":"post_tag","embeddable":true,"href":"https:\/\/dig-stuttgart.de\/info\/wp-json\/wp\/v2\/tags?post=7128"}],"curies":[{"name":"wp","href":"https:\/\/api.w.org\/{rel}","templated":true}]}}