{"id":7136,"date":"2020-07-06T03:32:49","date_gmt":"2020-07-06T03:32:49","guid":{"rendered":"http:\/\/dig-stuttgart.de\/info\/?p=7136"},"modified":"2020-06-28T08:22:32","modified_gmt":"2020-06-28T08:22:32","slug":"rencontres-des-territoires-durables","status":"publish","type":"post","link":"https:\/\/dig-stuttgart.de\/info\/2020\/07\/06\/rencontres-des-territoires-durables\/","title":{"rendered":"Rencontres Des Territoires Durables"},"content":{"rendered":"<p> R\u00e9action au projet de contribution pour les n\u00e9gociations internationales sur le climat de la Commission europ\u00e9enne Dans diff\u00e9rents pays, et en particulier en France, la survenue de cette pand\u00e9mie co\u00efncidait avec des \u00e9lections locales. Ceci implique la programmation et la mise en place effective strat\u00e9gies de r\u00e9siliences, de plans dadaptation et datt\u00e9nuation, et autres dispositifs permettant de construire, \u00e0 l\u00e9chelle locale, des territoires urbains et locaux plus r\u00e9silients. Lenjeu \u00e9tant, tout simplement, \u00e0 lesp\u00e8ce humaine de vivre plus sereinement sur cette plan\u00e8te, sur cette g\u00e9n\u00e9ration, puis de transmettre une plan\u00e8te vivable aux g\u00e9n\u00e9rations \u00e0 venir. Obtenez, pour les communes qui vous int\u00e9ressent, des informations sur le nombre de logements sociaux existants, sur le nombre de demandes de logements en attente ou encore le nombre de logements attribu\u00e9s lann\u00e9e derni\u00e8re. Sur la route de l\u00e9conomie circulaire! 20 d\u00e9couvertes insolites en \u00cele-de-France De multiples territoires m\u00e2les chevauchent de multiples territoires femelles. Madame Ribeiro, Conseil D\u00e9partemental de Meurthe et Moselle Nouvelle publication : D\u00e9veloppement durable, levier pour la mise en oeuvre de la r\u00e9forme territoriale Un \u00e9v\u00e9nement exceptionnel \u00e0 ne pas rater en r\u00e9gion Grand Est! 2-Se procurer le compl\u00e9ment au dossier de candidature via une VAPP Publications, lettre dinformations Infos 21 et outils m\u00e9thodologiques 92. Pierre Leroy, Pr\u00e9sident du Pays du Grand Brian\u00e7onnais P\u00f4le dEquilibre Territorial et Rural du Brian\u00e7onnais, des Ecrins, du Guillestrois et du Queyras <img decoding=\"async\" src=\"http:\/\/www.urbanismeguadeloupe.fr\/docrestreint.api\/89\/6443172da8095e3ae6477c9b910339fd5bd6dd5e\/jpg\/jp2_4891.jpg\" alt=\"rencontres des territoires durables\" align=\"center\"> <img decoding=\"async\" src=\"http:\/\/www.aude.fr\/uploads\/Image\/24\/4498_808_aude2030-vol1.png\" alt=\"rencontres des territoires durables\" align=\"center\"> La sixi\u00e8me rencontre a eu lieu \u00e0 Vicq-sur-Breuilh Haute-Vienne sur le th\u00e8me : Culture et ruralit\u00e9 : le pari gagnant, le vendredi 21 juin-salle polyvalente Figeac Municipales 2020 : Figeac Demain d\u00e9voile son plan pour l\u00e9conomie et lemploi local  <img decoding=\"async\" src=\"http:\/\/p.calameoassets.com\/160531172609-e207add1c14133eea5eb0642bd82be89\/p1.jpg\" alt=\"rencontres des territoires durables\" align=\"left\"> Les Rencontres Pro du D\u00e9veloppement Durable, cest une vingtaine dintervenants acteurs et experts qui viennent partager leur exp\u00e9rience. Le programme est r\u00e9alis\u00e9 avec le concours de nos partenaires. A chaque fin de session, un jury de cuisiniers des restaurants Pique Prune, Petite Nature et le Coucou Rennais et Fran\u00e7ois Galle ainsi que le producteur de caf\u00e9 Luis Martinez, venu du Mexique pour la quinzaine du commerce \u00e9quitable d\u00e9lib\u00e9raient pour \u00e9lire le meilleur plat selon des crit\u00e8res desth\u00e9tique, go\u00fbt, pr\u00e9sentation et organisation.  Le 28 novembre, lassociation Serge Antoine pr\u00e9pare une journ\u00e9e exceptionnelle sur Culture et d\u00e9veloppement durable.<\/p>\n","protected":false},"excerpt":{"rendered":"<p>rencontres des territoires durables<\/p>\n","protected":false},"author":1,"featured_media":0,"comment_status":"closed","ping_status":"closed","sticky":false,"template":"","format":"standard","meta":{"footnotes":""},"categories":[1],"tags":[],"_links":{"self":[{"href":"https:\/\/dig-stuttgart.de\/info\/wp-json\/wp\/v2\/posts\/7136"}],"collection":[{"href":"https:\/\/dig-stuttgart.de\/info\/wp-json\/wp\/v2\/posts"}],"about":[{"href":"https:\/\/dig-stuttgart.de\/info\/wp-json\/wp\/v2\/types\/post"}],"author":[{"embeddable":true,"href":"https:\/\/dig-stuttgart.de\/info\/wp-json\/wp\/v2\/users\/1"}],"replies":[{"embeddable":true,"href":"https:\/\/dig-stuttgart.de\/info\/wp-json\/wp\/v2\/comments?post=7136"}],"version-history":[{"count":1,"href":"https:\/\/dig-stuttgart.de\/info\/wp-json\/wp\/v2\/posts\/7136\/revisions"}],"predecessor-version":[{"id":7137,"href":"https:\/\/dig-stuttgart.de\/info\/wp-json\/wp\/v2\/posts\/7136\/revisions\/7137"}],"wp:attachment":[{"href":"https:\/\/dig-stuttgart.de\/info\/wp-json\/wp\/v2\/media?parent=7136"}],"wp:term":[{"taxonomy":"category","embeddable":true,"href":"https:\/\/dig-stuttgart.de\/info\/wp-json\/wp\/v2\/categories?post=7136"},{"taxonomy":"post_tag","embeddable":true,"href":"https:\/\/dig-stuttgart.de\/info\/wp-json\/wp\/v2\/tags?post=7136"}],"curies":[{"name":"wp","href":"https:\/\/api.w.org\/{rel}","templated":true}]}}