{"id":7144,"date":"2020-07-06T15:24:53","date_gmt":"2020-07-06T15:24:53","guid":{"rendered":"http:\/\/dig-stuttgart.de\/info\/?p=7144"},"modified":"2020-06-28T08:26:48","modified_gmt":"2020-06-28T08:26:48","slug":"rencontre-vienne","status":"publish","type":"post","link":"https:\/\/dig-stuttgart.de\/info\/2020\/07\/06\/rencontre-vienne\/","title":{"rendered":"Rencontre Vienne"},"content":{"rendered":"<p><img decoding=\"async\" src=\"http:\/\/media.cpournous.com\/media\/uploads\/voyage\/detail_3529_0.jpg\" alt=\"rencontre vienne\" align=\"left\"> La randonn\u00e9e p\u00e9destre du 1er mai \u00e0 Vienne-le-ch\u00e2teau renouvelle son succ\u00e8s chaque ann\u00e9e. Pr\u00e8s de 120 personnes se sont pr\u00e9sent\u00e9es pour la randonn\u00e9e nocturne et 492 personnes pour la marche le matin du 1er Du 13 au 14 juin 2020 Sur le th\u00e8me du r\u00e9chauffement climatique et de la pollution.. A mi-chemin de la saison 2018-1019, St\u00e9phan vient de nous rejoindre dans notre Club dentreprises du Nord Charente, et nous transmet le calendrier du mois de septembre des prochaines rencontres du r\u00e9seau Dynabuy. <img decoding=\"async\" src=\"http:\/\/calagan.unblog.fr\/files\/2007\/01\/dsc00277.jpg\" alt=\"rencontre vienne\" align=\"left\"> <img decoding=\"async\" src=\"http:\/\/www.9aev.org\/blog\/wp-content\/images\/AFF-A3-GRAND-A.jpg\" alt=\"rencontre vienne\" align=\"center\"> Moscou-Paris-Vienne : les rencontres dAymeric Chauprade, conseiller de Marine Le Pen Plus de 600 randonneurs \u00e9taient pr\u00e9sents \u00e0 loccasion des marches du 1er mai. Certains en soir\u00e9e, dautres le matin. \u00c0 chacun son plaisir.  La rencontre entre Nikol Pachinian et Ilham Aliev \u00e0 Vienne Autriche sest..-Nouvelles dArm\u00e9nie en Ligne Attention \u00e0 bien fournir une adresse email valide afin que nous soyons en mesure de vous r\u00e9pondre. Nous r\u00e9pondons en g\u00e9n\u00e9ral en moins de Je travaille \u00e0, dans mon atelier, avant \u00e7a je travaillais chez moi. Nimagine quavec ces r\u00e9v\u00e9lati on s, je vienne e f face r d e votre c \u0153 ur les m\u00e9rites que mes serviteurs.. D\u00e9claration des \u00e9v\u00e9nements dexploitation et de s\u00fbret\u00e9 des centrales nucl\u00e9aires Bastia. A partir du 4 juillet, les vols au d\u00e9part de Limoges d\u00e9colleront tous les samedis pour la Corse. Mais Dominique Meyer affiche aussi la volont\u00e9 douvrir ce r\u00e9pertoire. Dabord \u00e0 la musique ancienne en poursuivant le cycle Christoph Willibald Gluck en octobre, on pourra par exemple assister \u00e0, interpr\u00e9t\u00e9e par, avec au pupitre. Mais aussi ensuite en laissant davantage de place aux \u0153uvres contemporaines lOp\u00e9ra de Vienne a ainsi donn\u00e9 The Tempest de Thomas Ades, puis les Trois S\u0153urs de Peter E\u00f6tv\u00f6s avec notamment, en troupe dans l\u00e9tablissement, lune et lautre \u0153uvres dirig\u00e9es par leur compositeur, voire aux cr\u00e9ations puisque Dominique Meyer indique avoir command\u00e9 trois nouveaux op\u00e9ras \u00e0 des compositeurs afin que le Wiener Staatsoper contribue aussi \u00e0 lenrichissement du r\u00e9pertoire op\u00e9ratique. Autant de sujets avec quelques autres quil d\u00e9veloppait lors de notre entretien. On ne rigole pas avec la cuisine en Haute-Vienne! Familiale, gourmande et raffin\u00e9e, voici 5 recettes simples originaires de Haute-Vienne.  salut je recherches des rencontres avec des femmes de mon dpt et quel ce laches pour tout et je recherches des amie femmes pour des relation entres personnes adultes mon tel 0768136391 tout commentaire dont le contenu serait susceptible de porter atteinte aux tiers ou denfreindre les lois et r\u00e8glements en vigueur, et d\u00e9cline toute , Muzio Clementi, FayardMirare, 2003, p. 35 63. L\u00e9co-geste cest le tri des d\u00e9chets pour permettre leur recyclage. Emmanuel Macron \u00e9tait en d\u00e9placement en Haute-Vienne, vendredi. Il a rencontr\u00e9 les salari\u00e9s de lusine creusoise en redressement judiciaire, qui na toujours pas trouv\u00e9 de repreneurs.<\/p>\n","protected":false},"excerpt":{"rendered":"<p>rencontre vienne<\/p>\n","protected":false},"author":1,"featured_media":0,"comment_status":"closed","ping_status":"closed","sticky":false,"template":"","format":"standard","meta":{"footnotes":""},"categories":[1],"tags":[],"_links":{"self":[{"href":"https:\/\/dig-stuttgart.de\/info\/wp-json\/wp\/v2\/posts\/7144"}],"collection":[{"href":"https:\/\/dig-stuttgart.de\/info\/wp-json\/wp\/v2\/posts"}],"about":[{"href":"https:\/\/dig-stuttgart.de\/info\/wp-json\/wp\/v2\/types\/post"}],"author":[{"embeddable":true,"href":"https:\/\/dig-stuttgart.de\/info\/wp-json\/wp\/v2\/users\/1"}],"replies":[{"embeddable":true,"href":"https:\/\/dig-stuttgart.de\/info\/wp-json\/wp\/v2\/comments?post=7144"}],"version-history":[{"count":1,"href":"https:\/\/dig-stuttgart.de\/info\/wp-json\/wp\/v2\/posts\/7144\/revisions"}],"predecessor-version":[{"id":7145,"href":"https:\/\/dig-stuttgart.de\/info\/wp-json\/wp\/v2\/posts\/7144\/revisions\/7145"}],"wp:attachment":[{"href":"https:\/\/dig-stuttgart.de\/info\/wp-json\/wp\/v2\/media?parent=7144"}],"wp:term":[{"taxonomy":"category","embeddable":true,"href":"https:\/\/dig-stuttgart.de\/info\/wp-json\/wp\/v2\/categories?post=7144"},{"taxonomy":"post_tag","embeddable":true,"href":"https:\/\/dig-stuttgart.de\/info\/wp-json\/wp\/v2\/tags?post=7144"}],"curies":[{"name":"wp","href":"https:\/\/api.w.org\/{rel}","templated":true}]}}