{"id":7146,"date":"2020-07-06T08:34:48","date_gmt":"2020-07-06T08:34:48","guid":{"rendered":"http:\/\/dig-stuttgart.de\/info\/?p=7146"},"modified":"2020-06-28T08:26:53","modified_gmt":"2020-06-28T08:26:53","slug":"rencontre-serieuse-en-bretagne","status":"publish","type":"post","link":"https:\/\/dig-stuttgart.de\/info\/2020\/07\/06\/rencontre-serieuse-en-bretagne\/","title":{"rendered":"Rencontre Serieuse En Bretagne"},"content":{"rendered":"<p>Je recherche une femme ayant de la personnalit\u00e9e pour partager diff\u00e9rentes passion et activit\u00e9s En cliquant sur minscrire vous acceptez les conditions g\u00e9n\u00e9rales dutilisation et affirmez avoir 18 ans ou plus. La collecte dinformations relatives \u00e0 votre utilisation du contenu et association desdites informations avec Yeux :-Cheveux :-170 cm-Statut civil: Divorc\u00e9 CoupleChaud93, un couple gay de 27 et 26 ans,,, new Ma Description : \u00c0 la recherche de relations vraies. Jose croire que sur un site o\u00f9 la nature est un point de convergence, jy trouverai des personnes sinc\u00e8res et proches de mes valeurs. Homme homo de 60 ans c\u00e9libataire, recherche rencontre s\u00e9rieuse.  Je me pr\u00e9sente : Bonjour, Je souhaite rencontrer un homme pour partager \u00e0 deux et rompre la solitude. La sinc\u00e9rit\u00e9, la tendresse, la complicit\u00e9, repr\u00e9sentent pour moi les mots qui vont avec relation.On dit de moi, agr\u00e9able et de bonne compagnie, serviable. Et autres \u00e0 d\u00e9couvrir! <img decoding=\"async\" src=\"http:\/\/www.advapter.cf\/media\/02\/00\/4086990174.JPG\" alt=\"rencontre serieuse en bretagne\" align=\"center\"> <img decoding=\"async\" src=\"http:\/\/blog.bretagne-balades.com\/public\/images\/avril\/rencontrer_agriculteur.jpg\" alt=\"rencontre serieuse en bretagne\" align=\"left\"> Nous utilisons des cookies afin de personnaliser le contenu et les fonctionnalit\u00e9s de notre site. En continuant \u00e0 naviguer, vous acceptez leur utilisation. Plus de d\u00e9tails sur notre politique dutilisation des cookies.  A titre dexemple, et pour aider les lecteurs qui d\u00e9sirent sorienter vers des solutions gratuites, voici mes pr\u00e9f\u00e9r\u00e9s :Mon pr\u00e9f\u00e9r\u00e9 reste v\u00e9ritablement madgictchat. Loin des professionnels de la rencontre qui proposent des catalogues de faux profils pour amasser un maximum dargent, madgictchat est quand \u00e0 lui gratuit et se veux aussi simple que s\u00e9rieux. Point negative il te pr\u00e9sente le prix de lapplication \u00e0 5 au d\u00e9part sans explication de ce que tu peux faire.  Bonjour \u00e0 tous, je suis brune aux yeuxvert, et je recherche une relations\u00e9rieuse. Apprendre \u00e0 connaitre lautreest important,et ne pas se pr\u00e9cipit\u00e9.Jesuis simpas,alors si vous \u00eatesint\u00e9r\u00e9ss\u00e9e laissez moi un message :.. Entre un premier tour marqu\u00e9 par une inhabituelle abstention et un entre-deux-tour \u00e0 rallonge, chaque camp affine ses m\u00e9thodes. Nous sommes un jeune couple en qu\u00eate de nouveaux horizons. Madame 29 ans physiquement fine et assez coquine cherche \u00e0 exp\u00e9rimenter le plaisir des femmes avec son ch\u00e9ri. Monsieur 25 ans au physique athl\u00e9tique.. Biographie Naissance et bapt\u00eame \u00e0 Versailles : Mousseline la s\u00e9rieuse cherche femme dominer et pas avec ma queue forcemenent quoi que!fess\u00e9 claque crachat mot cru penetrations avec legume recto verso voir a outrance obligatoire j abuserais doightages lechages que tu comprenne que tu es une femme dans la vie mais.. <img decoding=\"async\" src=\"http:\/\/teciger.gq\/images\/canicule_ms.jpg\" alt=\"rencontre serieuse en bretagne\" align=\"left\">.<\/p>\n","protected":false},"excerpt":{"rendered":"<p>rencontre serieuse en bretagne<\/p>\n","protected":false},"author":1,"featured_media":0,"comment_status":"closed","ping_status":"closed","sticky":false,"template":"","format":"standard","meta":{"footnotes":""},"categories":[1],"tags":[],"_links":{"self":[{"href":"https:\/\/dig-stuttgart.de\/info\/wp-json\/wp\/v2\/posts\/7146"}],"collection":[{"href":"https:\/\/dig-stuttgart.de\/info\/wp-json\/wp\/v2\/posts"}],"about":[{"href":"https:\/\/dig-stuttgart.de\/info\/wp-json\/wp\/v2\/types\/post"}],"author":[{"embeddable":true,"href":"https:\/\/dig-stuttgart.de\/info\/wp-json\/wp\/v2\/users\/1"}],"replies":[{"embeddable":true,"href":"https:\/\/dig-stuttgart.de\/info\/wp-json\/wp\/v2\/comments?post=7146"}],"version-history":[{"count":1,"href":"https:\/\/dig-stuttgart.de\/info\/wp-json\/wp\/v2\/posts\/7146\/revisions"}],"predecessor-version":[{"id":7147,"href":"https:\/\/dig-stuttgart.de\/info\/wp-json\/wp\/v2\/posts\/7146\/revisions\/7147"}],"wp:attachment":[{"href":"https:\/\/dig-stuttgart.de\/info\/wp-json\/wp\/v2\/media?parent=7146"}],"wp:term":[{"taxonomy":"category","embeddable":true,"href":"https:\/\/dig-stuttgart.de\/info\/wp-json\/wp\/v2\/categories?post=7146"},{"taxonomy":"post_tag","embeddable":true,"href":"https:\/\/dig-stuttgart.de\/info\/wp-json\/wp\/v2\/tags?post=7146"}],"curies":[{"name":"wp","href":"https:\/\/api.w.org\/{rel}","templated":true}]}}