{"id":7152,"date":"2020-07-06T05:52:16","date_gmt":"2020-07-06T05:52:16","guid":{"rendered":"http:\/\/dig-stuttgart.de\/info\/?p=7152"},"modified":"2020-06-28T08:32:45","modified_gmt":"2020-06-28T08:32:45","slug":"la-rencontre-des-volontes-droit","status":"publish","type":"post","link":"https:\/\/dig-stuttgart.de\/info\/2020\/07\/06\/la-rencontre-des-volontes-droit\/","title":{"rendered":"La Rencontre Des Volont\u00e9s Droit"},"content":{"rendered":"<p>Dans le cadre de la campagne des \u00e9lections l\u00e9gislatives, nous donnons la parole aux candidats qui veulent porter la voix de la jeunesse, du progr\u00e8s et de lespoir. L\u00e9onard L\u00e9ma a 22 ans et est \u00e9tudiant en philosophie \u00e0 luniversit\u00e9 de Tours. Il se pr\u00e9sente sur la 1ere circonscription dIndre et Loire ville de Tours. Juriste, Doctorant, Pr\u00e9sident du Collectif des Conseillers Juridiques dAfrique CCJA,  D\u00e9sormais orphelins, les membres de la fratrie sont plac\u00e9s sous la tutelle du Comte Olaf, un cruel et sinistre personnage qui na quune seule et unique ambition : se d\u00e9barrasser des enfants pour mettre la main sur la fortune familiale. Pour \u00e9chapper \u00e0 ses combines, les Beaudelaire vont devoir rivaliser ding\u00e9niosit\u00e9 et rester sur le qui-vive. Ensemble, ils sont bien d\u00e9cid\u00e9s \u00e0 d\u00e9couvrir la v\u00e9rit\u00e9 sur le d\u00e9c\u00e8s de leurs parents. Si lacqu\u00e9reur est en mesure de prouver que le vendeur avait connaissance de ce d\u00e9faut majeur avant la vente, un recours pour dol est possible. L\u00e0 aussi, la victime peut demander deux types de compensation : le paiement dune indemnit\u00e9 par le vendeur en r\u00e9paration du pr\u00e9judice, ou la nullit\u00e9 du contrat de vente.  Lettre daccompagnement dun contrat sign\u00e9-mod\u00e8le de lettre gratuit, exemple de lettre type Documentissime Survivante des camps nazis de Birkenau et de Bergen-Belsen, Anita Lasker-Wallfisch, compte parmi les grandes voix qui t\u00e9moignent encore de la terrifiante exp\u00e9rience des camps. Ce secret, la violoncelliste de.. Quest-ce quune clause r\u00e9dig\u00e9e de fa\u00e7on claire et compr\u00e9hensible? Vous b\u00e9n\u00e9ficiez dun droit dacc\u00e8s et de rectification de vos donn\u00e9es personnelles, ainsi que celui den demander leffacement dans les limites pr\u00e9vues par la loi. Tuelle, prise daccord avec le stipulant, et dont le tiers nest cr\u00e9ancier quaccessoirement. Mais cecine serait pas exact. Lors m\u00eame que le stipulant est consid\u00e9r\u00e9 comme pouvant devenir titulaire personnel du droit, il nen reste pas moins vrai que le premier titulaire est le tiers, puisque e stipulant ne sera appel\u00e9 \u00e0. Recueillir le b\u00e9n\u00e9fice de la stipulation que dans des cas en somme exceptionnels. Lobligation n\u00e9e envers le, tiers ne peut donc pas \u00eatre simplement consid\u00e9r\u00e9e comme un accessoire de lobligation contract\u00e9e envers le stipulant. Sans doute elle tire sa valeur juridique, de cette derni\u00e8re, mais enfin elle ne se confond pas avec eUe. Et faut n\u00e9cessairement admettre que, si le promettant a promis lindemnit\u00e9 au tiers ou, a son d\u00e9faut, au stipulant, il a bien pu la promettre au stipulantpar contrat, mais il na pu la promettre au tiers que par une d\u00e9claration de volont\u00e9 uintat\u00e9rale. Il faut distinguer entre dune part, les obligations de lassureur et dautre part les obligations de lassur\u00e9. Actes \u00e0 cause de mort : actes dont les effets se <img decoding=\"async\" src=\"http:\/\/docplayer.fr\/docs-images\/53\/12996497\/images\/page_7.jpg\" alt=\"la rencontre des volont\u00e9s droit\" align=\"left\"> <img decoding=\"async\" src=\"http:\/\/www.cabinetaci.com\/wp-content\/uploads\/2018\/06\/avocat-p%C3%A9naliste-et-vous-min.png\" alt=\"la rencontre des volont\u00e9s droit\" align=\"center\"> Il faut n\u00e9anmoins noter que le juge examinera les pi\u00e8ces du dossier et en fonction des \u00e9l\u00e9ments en sa possession, il pourra rechercher : Ces bons r\u00e9sultats mont ouvert les portes dun prestigieux master 2 de droit financier \u00e0 la Sorbonne \u00e0 Paris, et des plus grands cabinets davocats daffaires internationaux.  Il est n\u00e9cessaire de distinguer plusieurs situations quant \u00e0 la somme vers\u00e9e : En cons\u00e9quence, m\u00eame en labsence dune des formules susmentionn\u00e9es, d\u00e8s lors que le contrat est sign\u00e9, le contrat demeure valable, et toute mention dite dusage ne peut suppl\u00e9er labsence de signature des parties \u00e0 lacte. Lhydroxychloroquine, traitement qui a fait couler beaucoup dencre, ne semble pas efficace contre le Covid-19, que ce soit chez des patients gravement ou plus l\u00e9g\u00e8rement atteints, selon deux \u00e9tudes publi\u00e9es vendredi. La premi\u00e8re \u00e9tude, men\u00e9e par des chercheurs fran\u00e7ais, conclut que ce d\u00e9riv\u00e9 de lantipalud\u00e9en chloroquine ne r\u00e9duit pas significativement les risques dadmission en r\u00e9animation ni de d\u00e9c\u00e8s chez les patients hospitalis\u00e9s avec une pneumonie due au Covid-19. <img decoding=\"async\" src=\"http:\/\/www.capalliatif.org\/scripts\/files\/5b7a762c166412.34612069\/6%20octobre%20DA.JPG\" alt=\"la rencontre des volont\u00e9s droit\" align=\"left\"> Il nuance toutefois ces propos en affirmant que les salaires ne sont pas la source d\u00e9cisionnaire majeure des joueurs concernant leur futur destination. Enfin, face \u00e0 la mobilisation des intermittents du spectacle qui ne d\u00e9sarment pas et au projet de proposition de loi sur les annexes 8 et 10 du r\u00e9gime dassurance ch\u00f4mageLe projet de proposition de loi sur les annexes 8 et 10 du r\u00e9gime dassurance ch\u00f4mage PPL a \u00e9t\u00e9 sign\u00e9 par plus de 470 parlementaires de tous bords : UMP, UDF, PS, PCF, Verts. Il sera mis en discussion \u00e0 lAssembl\u00e9e nationale le 12 octobre, la troisi\u00e8me priorit\u00e9 est le spectacle vivant. Mais labrogation du protocole daccord mortif\u00e8re du 26 juin 2003 et la remise \u00e0 plat du syst\u00e8me dindemnisation.<\/p>\n","protected":false},"excerpt":{"rendered":"<p>la rencontre des volont\u00e9s droit<\/p>\n","protected":false},"author":1,"featured_media":0,"comment_status":"closed","ping_status":"closed","sticky":false,"template":"","format":"standard","meta":{"footnotes":""},"categories":[1],"tags":[],"_links":{"self":[{"href":"https:\/\/dig-stuttgart.de\/info\/wp-json\/wp\/v2\/posts\/7152"}],"collection":[{"href":"https:\/\/dig-stuttgart.de\/info\/wp-json\/wp\/v2\/posts"}],"about":[{"href":"https:\/\/dig-stuttgart.de\/info\/wp-json\/wp\/v2\/types\/post"}],"author":[{"embeddable":true,"href":"https:\/\/dig-stuttgart.de\/info\/wp-json\/wp\/v2\/users\/1"}],"replies":[{"embeddable":true,"href":"https:\/\/dig-stuttgart.de\/info\/wp-json\/wp\/v2\/comments?post=7152"}],"version-history":[{"count":1,"href":"https:\/\/dig-stuttgart.de\/info\/wp-json\/wp\/v2\/posts\/7152\/revisions"}],"predecessor-version":[{"id":7153,"href":"https:\/\/dig-stuttgart.de\/info\/wp-json\/wp\/v2\/posts\/7152\/revisions\/7153"}],"wp:attachment":[{"href":"https:\/\/dig-stuttgart.de\/info\/wp-json\/wp\/v2\/media?parent=7152"}],"wp:term":[{"taxonomy":"category","embeddable":true,"href":"https:\/\/dig-stuttgart.de\/info\/wp-json\/wp\/v2\/categories?post=7152"},{"taxonomy":"post_tag","embeddable":true,"href":"https:\/\/dig-stuttgart.de\/info\/wp-json\/wp\/v2\/tags?post=7152"}],"curies":[{"name":"wp","href":"https:\/\/api.w.org\/{rel}","templated":true}]}}