{"id":7154,"date":"2020-07-06T12:02:53","date_gmt":"2020-07-06T12:02:53","guid":{"rendered":"http:\/\/dig-stuttgart.de\/info\/?p=7154"},"modified":"2020-06-28T08:36:56","modified_gmt":"2020-06-28T08:36:56","slug":"rencontres-pour-malvoyants","status":"publish","type":"post","link":"https:\/\/dig-stuttgart.de\/info\/2020\/07\/06\/rencontres-pour-malvoyants\/","title":{"rendered":"Rencontres Pour Malvoyants"},"content":{"rendered":"<p>20 \u0153uvres de peinture et de sculpture ont \u00e9t\u00e9 s\u00e9lectionn\u00e9es pour participer \u00e0 la finale qui sest d\u00e9roul\u00e9e \u00e0 Paris en novembre dernier. Les \u0153uvres s\u00e9lectionn\u00e9es ainsi que les quatre \u0153uvres laur\u00e9ates vont d\u00e9sormais sillonner toute la France pendant six mois. Cette exposition se veut un moment de rencontre et d\u00e9changes privil\u00e9gi\u00e9s entre personnes valides et personnes aveugles et malvoyantes. Les habitants de nombreuses villes de France vont d\u00e9couvrir d\u00e8s le mois de mars et jusquen novembre 2009, les \u0153uvres r\u00e9alis\u00e9es par des artistes aveugles ou malvoyants. Une exposition \u00e9tonnante et originale, o\u00f9 se d\u00e9gagent une v\u00e9ritable sensibilit\u00e9 et une ma\u00eetrise de la mati\u00e8re et des couleurs. Les \u0153uvres seront expos\u00e9es dans des lieux publics mairie, biblioth\u00e8ques, op\u00e9ra dune dizaine de grandes villes. Nous avons \u00e9t\u00e9 contact\u00e9 par un grand groupe pharmaceutique qui se d\u00e9pla\u00e7ait \u00e0 Marseille avec 35 collaborateurs et nous avons propos\u00e9 un jeu de piste avec des jeunes des quartiers nord de Marseille pour faire d\u00e9couvrir la ville autrement. Chaque groupe \u00e9tait compos\u00e9 de 3 cadres et 2 jeunes des quartiers nord, ainsi quun jeune sourd ou malentendant. Et chaque \u00e9quipe avait un circuit \u00e0 r\u00e9aliser avec des \u00e9preuves. Ce sont les jeunes qui connaissent parfaitement la ville qui permettait de gagner en prenant des raccourcis, et qui montraient leur ville \u00e0 leur mani\u00e8re aux cadres. Offres sp\u00e9cifiques pour les groupes de personnes non et malvoyantes sur r\u00e9servation 56. Un grande figure de la SMLH du Morbihan, Jean-Paul Hamel, nous a quitt\u00e9s. <img decoding=\"async\" src=\"http:\/\/www.respectmag.com\/wp-content\/uploads\/2016\/01\/Visite-public-malvoyant.jpg\" alt=\"rencontres pour malvoyants\" align=\"left\"> Guide pour les enseignants qui accueillent un \u00e9l\u00e8ve pr\u00e9sentant une d\u00e9ficience visuelle Ateliers gratuits-Inscription obligatoire en pr\u00e9cisant la session choisie dans la limite des places disponibles Lieu : FORJA-106108 rue de lOuest-75014 Paris M\u00e9tro Pernety-ligne 13 En renseignant vos informations, vous avez pris connaissance de notre, vous acceptez de recevoir chaque jour, par email, une lettre dinformation personnalis\u00e9e des derniers articles publi\u00e9s sur actu.fr B2BOT continue de grandir pour mieux vous servir Pour ne rien rater, suivez-nous sur les r\u00e9seaux sociaux nbsp;p Dans un contexte de mutations \u00e9conomiques, technologiques et environnementales, SynergECO propose aux entreprises sundgauviennes d\u00e9conomiser, \u00e9changer des mati\u00e8res, optimiser la gestion des d\u00e9chets, mutualiser des services ou \u00e9quipements, partager des ressources humaines ou logistiques 18. El\u00e9vation \u00e0 la dignit\u00e9 de grand officier du g\u00e9n\u00e9ral Thibout 17-Pensez-vous que la biblioth\u00e8que sonore int\u00e9resse plus de personnes quune biblioth\u00e8que traditionnelle? Non beaucoup moins mais les 300 inscrits sont tr\u00e8s tr\u00e8s int\u00e9r\u00e9ss\u00e9s. Ils nous disent souvent que \u00e7a change leur vie. En premier lieu, sans quil soit possible de donner des chiffres, les aveugles et malvoyants sont peu nombreux \u00e0 se rendre au th\u00e9\u00e2tre. Il faut dire que le choix des spectacles notamment au Off dAvignon est frein\u00e9 par des supports de communication et dinformation peu accessibles : le site Internet comme lapplication sont difficiles voire impossibles \u00e0 utiliser pour les personnes d\u00e9ficientes visuelles. <img decoding=\"async\" src=\"http:\/\/www.concept.thefifthcup.com\/fileadmin\/images\/03.Visite\/handicap\/PlancheTactileLemordantDsleVent.jpg\" alt=\"rencontres pour malvoyants\" align=\"center\">  To personalize content, tailor and measure ads, and provide a safer experience, we use cookies. By tapping on the site, you agree to our use of cookies on and off Facebook. Learn more, including about controls:. Les pays industrialis\u00e9s, les deux plus grandes causes de c\u00e9cit\u00e9 sont la cataracte Nous navons pas reconnu votre email, veuillez indiquer un email valide, utilis\u00e9 lors de la cr\u00e9ation de votre compte. Participez au Festival SilverEco Bien-Vieillir Demandez vite votre dossier de candidature aux Troph\u00e9es SilverEco 2020 <img decoding=\"async\" src=\"http:\/\/www.lettresnumeriques.be\/wp-content\/uploads\/2014\/06\/lecteur-daisy.jpg\" alt=\"rencontres pour malvoyants\" align=\"center\"> Suivez pas \u00e0 pas, la transformation dun d\u00e9placement urbain en parcours dobstacles   Catherine Mangin, charg\u00e9e du service Souffleurs dImages du CRTH.<\/p>\n","protected":false},"excerpt":{"rendered":"<p>rencontres pour malvoyants<\/p>\n","protected":false},"author":1,"featured_media":0,"comment_status":"closed","ping_status":"closed","sticky":false,"template":"","format":"standard","meta":{"footnotes":""},"categories":[1],"tags":[],"_links":{"self":[{"href":"https:\/\/dig-stuttgart.de\/info\/wp-json\/wp\/v2\/posts\/7154"}],"collection":[{"href":"https:\/\/dig-stuttgart.de\/info\/wp-json\/wp\/v2\/posts"}],"about":[{"href":"https:\/\/dig-stuttgart.de\/info\/wp-json\/wp\/v2\/types\/post"}],"author":[{"embeddable":true,"href":"https:\/\/dig-stuttgart.de\/info\/wp-json\/wp\/v2\/users\/1"}],"replies":[{"embeddable":true,"href":"https:\/\/dig-stuttgart.de\/info\/wp-json\/wp\/v2\/comments?post=7154"}],"version-history":[{"count":1,"href":"https:\/\/dig-stuttgart.de\/info\/wp-json\/wp\/v2\/posts\/7154\/revisions"}],"predecessor-version":[{"id":7155,"href":"https:\/\/dig-stuttgart.de\/info\/wp-json\/wp\/v2\/posts\/7154\/revisions\/7155"}],"wp:attachment":[{"href":"https:\/\/dig-stuttgart.de\/info\/wp-json\/wp\/v2\/media?parent=7154"}],"wp:term":[{"taxonomy":"category","embeddable":true,"href":"https:\/\/dig-stuttgart.de\/info\/wp-json\/wp\/v2\/categories?post=7154"},{"taxonomy":"post_tag","embeddable":true,"href":"https:\/\/dig-stuttgart.de\/info\/wp-json\/wp\/v2\/tags?post=7154"}],"curies":[{"name":"wp","href":"https:\/\/api.w.org\/{rel}","templated":true}]}}