{"id":7170,"date":"2020-07-06T10:49:53","date_gmt":"2020-07-06T10:49:53","guid":{"rendered":"http:\/\/dig-stuttgart.de\/info\/?p=7170"},"modified":"2020-06-28T08:51:00","modified_gmt":"2020-06-28T08:51:00","slug":"rencontres-musicales-de-jaugette","status":"publish","type":"post","link":"https:\/\/dig-stuttgart.de\/info\/2020\/07\/06\/rencontres-musicales-de-jaugette\/","title":{"rendered":"Rencontres Musicales De Jaugette"},"content":{"rendered":"<p>Th\u00e8me :. Jaugette-Manoir des Arts Copyright 2018. All Rights Reserved. D\u00e9sol\u00e9 pour ce d\u00e9lai pour vous informer. L\u00e9t\u00e9 a \u00e9t\u00e9 long, et il semblait pr\u00e9f\u00e9rable dattendre la rentr\u00e9e.  Type de manifestation : Animation dans les monuments, Musique  Pour cette 12\u00e8me ann\u00e9e, les Rencontres musicales du Manoir des arts propose le th\u00e8me Esprit et Musique, des concerts allant de la musique folklorique au r\u00e9cital. Pour tous les m\u00e9lomanes! Festival Les rencontres musicales de Jaugette, Obterre. Remplissez le formulaire dadh\u00e9sion en ligne ci-dessous. Dimanche 1 juillet 2018 \u00e0 14h Eglise 21320 CHATEAUNEUF EN AUXOIS France Reproduire cet article : Vous avez aim\u00e9 cet article? Nh\u00e9sitez pas \u00e0 le faire savoir sur votre site, votre blog, etc.! Le site de ResMusica est prot\u00e9g\u00e9 par la propri\u00e9t\u00e9 intellectuelle, mais vous pouvez reproduire de courtes citations de cet article, \u00e0 condition de faire un lien vers cette page. Pour toute demande de reproduction du texte, en citant la source que vous voulez reproduire ainsi que le site sur lequel il sera \u00e9ventuellement autoris\u00e9 \u00e0 \u00eatre reproduit. Avec r\u00e9citant, la Petite Suite, orgue, mes instruments, Nous \u00e9tions donc en Suisse, au Forum:Wallis \u00e0 Lo\u00e9che Leuk, o\u00f9 nous avons donn\u00e9 une avant-premi\u00e8re de Ushba et Tetnuld. Nous avons \u00e9galement pr\u00e9sent\u00e9 une version courte pour un public scolaire 60 enfants de 10 \u00e0 12 ans. 13 La Conf\u00e9rence Ornitho-Perch\u00e9e-Th\u00e9\u00e2tre de la Maison du Peuple-Millau 12 23 Juin Concert de poche avec Zahir \u00e0 Brandy les Tours Grands moments de musique, de rire et damiti\u00e9 que ce bref passage au bord de la Gartempe. A lann\u00e9e prochaine car lentreprise est addictive. Merci pour tout.  <img decoding=\"async\" src=\"http:\/\/thrive.jerrybrewer.com\/wp-content\/blogs.dir\/58\/files\/2016\/10\/cour-saint-louis.png\" alt=\"rencontres musicales de jaugette\" align=\"left\"> Six concerts entre le 19 et le 21 juillet seront donn\u00e9s avec, en point dorgue, deux nouvelles cr\u00e9ations musicales de Stefano Bulfon, Danzare per fantasmi et de Roger Tessier, Constellations oubli\u00e9es. Deux \u0153uvres pour quatuor \u00e0 cordes associant la cr\u00e9ation de deux vid\u00e9astes, Yves Breux et Lorenzo Brondius Brondetta, m\u00ealant images projet\u00e9es, multi-vision, tournage en temps r\u00e9el avec jeu dacteur et la performance de deux danseurs, Ira Gonto et Konstantin Michin du Th\u00e9\u00e2tre Vassiliev de Moscou. Pass\u00e9 par lIRCAM, Stefano Bulfon est attentif aux filigranes de la perception et \u00e0 laspect physique du son. Roger Tessier est quant \u00e0 lui un des fondateurs de lensemble LItin\u00e9raire et de la musique spectrale. Ensemble Encina : Roula Safar, chantguitare baroque et Laurent Sauron, percussions. Concert de poche avec Jean-Fran\u00e7ois Zygel \u00e0 Montereau-Fault-Yonne 77 et Tr\u00e9guier 22 L\u00e9crivain et po\u00e8te am\u00e9ricain Ron Rash est le parrain de cette \u00e9dition consacr\u00e9e aux h\u00e9ro\u00efnes et h\u00e9ros. Plus de 250 auteurs de tous les genres litt\u00e9raires sont attendus place des Marronniers. Un march\u00e9 aux livres est mis en place pour rencontrer les lecteurs autour danimations et de s\u00e9ances de d\u00e9dicaces. <img decoding=\"async\" src=\"http:\/\/www.boktixps.ga\/sites\/www.prod\/files\/medias\/agenda\/images\/affiche_festival_pipasso_2017_300dpi_0.jpg\" alt=\"rencontres musicales de jaugette\" align=\"left\"> TH\u00c9\u00c2TRECIRQUEARTS DE RUE Antony, Ch\u00e2tenay-Malabry Vous pouvez envoyer cet article par email \u00e0 vos amis. 17 La Conf\u00e9rence Ornitho-Perch\u00e9e-Espace Treulon-Bruges 33-17h00 A la r\u00e9serve zoologique de la Haute-Touche, le th\u00e8me Nature, animaux et musique convoque concerts, danse et th\u00e9\u00e2tre. Pierre et le loup de Prokofiev sera propos\u00e9 en version th\u00e9\u00e2trale et musicale. Le r\u00e9cital de Tcha\u00efkovski et de Rimski-Korsakov sera interpr\u00e9t\u00e9 par Julia Korpatcheva et la pianiste du Bolcho\u00ef Katerina Vacheruk. Talcy Super festival. Programmation sensationnelle avec cette pr\u00e9pond\u00e9rance pour le blues italien. Par ses concerts elle a eu le plaisir de jouer aupr\u00e8s dartistes de grande renomm\u00e9e, parmi eux : Fran\u00e7ois Dumont, Nicolas Dautricourt, Sergey Malov, Rapha\u00ebl Merlin Quatuor Eb\u00e8ne, Philippe Muller, Jean-Guihen Queyras, Antje Weithaas, Tabea Zimmermann <img decoding=\"async\" src=\"http:\/\/drouotstatic.zonesecure.org\/images\/perso\/zoomsrc\/LOT\/85\/90970\/15.jpg\" alt=\"rencontres musicales de jaugette\" align=\"center\">.<\/p>\n","protected":false},"excerpt":{"rendered":"<p>rencontres musicales de jaugette<\/p>\n","protected":false},"author":1,"featured_media":0,"comment_status":"closed","ping_status":"closed","sticky":false,"template":"","format":"standard","meta":{"footnotes":""},"categories":[1],"tags":[],"_links":{"self":[{"href":"https:\/\/dig-stuttgart.de\/info\/wp-json\/wp\/v2\/posts\/7170"}],"collection":[{"href":"https:\/\/dig-stuttgart.de\/info\/wp-json\/wp\/v2\/posts"}],"about":[{"href":"https:\/\/dig-stuttgart.de\/info\/wp-json\/wp\/v2\/types\/post"}],"author":[{"embeddable":true,"href":"https:\/\/dig-stuttgart.de\/info\/wp-json\/wp\/v2\/users\/1"}],"replies":[{"embeddable":true,"href":"https:\/\/dig-stuttgart.de\/info\/wp-json\/wp\/v2\/comments?post=7170"}],"version-history":[{"count":1,"href":"https:\/\/dig-stuttgart.de\/info\/wp-json\/wp\/v2\/posts\/7170\/revisions"}],"predecessor-version":[{"id":7171,"href":"https:\/\/dig-stuttgart.de\/info\/wp-json\/wp\/v2\/posts\/7170\/revisions\/7171"}],"wp:attachment":[{"href":"https:\/\/dig-stuttgart.de\/info\/wp-json\/wp\/v2\/media?parent=7170"}],"wp:term":[{"taxonomy":"category","embeddable":true,"href":"https:\/\/dig-stuttgart.de\/info\/wp-json\/wp\/v2\/categories?post=7170"},{"taxonomy":"post_tag","embeddable":true,"href":"https:\/\/dig-stuttgart.de\/info\/wp-json\/wp\/v2\/tags?post=7170"}],"curies":[{"name":"wp","href":"https:\/\/api.w.org\/{rel}","templated":true}]}}