{"id":7182,"date":"2020-07-06T21:42:47","date_gmt":"2020-07-06T21:42:47","guid":{"rendered":"http:\/\/dig-stuttgart.de\/info\/?p=7182"},"modified":"2020-06-28T08:58:35","modified_gmt":"2020-06-28T08:58:35","slug":"site-rencontre-annonay","status":"publish","type":"post","link":"https:\/\/dig-stuttgart.de\/info\/2020\/07\/06\/site-rencontre-annonay\/","title":{"rendered":"Site Rencontre Annonay"},"content":{"rendered":"<p>Cest un trafic qui prosp\u00e9rait depuis janvier 2019. En 18 mois, environ 180 kilos dh\u00e9ro\u00efne et de coca\u00efne auraient \u00e9t\u00e9 \u00e9coul\u00e9s depuis la base des Au I er si\u00e8cle, appelait d\u00e9j\u00e0 Vienne, capitale des Allobroges. La puissance de sest manifest\u00e9e en Gaule. \u00c0 lappel de Marseille, les Romains ont franchi les en et d\u00e9truit le chef-lieu du peuple des, Entremont, pr\u00e8s d. Les chefs salyens se r\u00e9fugient alors chez les. Ceux-ci refusent de livrer leurs h\u00f4tes aux Romains. Cest la guerre. Larm\u00e9e romaine remonte le. Sans attendre les, auxquels ils \u00e9taient alli\u00e9s, les Allobroges engagent le combat, pr\u00e8s du confluent du Rh\u00f4ne et de la. Ils sont \u00e9cras\u00e9s, laissant sur le champ de bataille 20 000 des leurs et 3 000 prisonniers. Quelques mois plus tard, cette fois avec les Avernes, ils furent de nouveaux battus par les troupes romaines au confluent du Rh\u00f4ne et de l. Le territoire allobroge fut annex\u00e9 et entra dans la nouvelle Provincia province, do\u00f9 viendra le nom de qui s\u00e9tend sur le Sud-Est de la. La transition \u00e9nerg\u00e9tique est une n\u00e9cessit\u00e9. Cest aussi une opportunit\u00e9 pour les territoires. <img decoding=\"async\" src=\"http:\/\/www.vernosc.fr\/IMG\/jpg\/Tennis2008.jpg\" alt=\"site rencontre annonay\" align=\"left\">  Options de filtrage relatives \u00e0 la cat\u00e9gorie, facultatives Vienne est dot\u00e9e dune plate-forme a\u00e9rienne g\u00e9r\u00e9e par la : Prendre un verre en faisant connaissance et tout de m\u00eame plus sympas non? R\u00e9gion: salut je suis pas loin de quelques ville de lIs\u00e8re ici pour faire de nouvelles amies et sortie nh\u00e9sitez pas \u00e0 venir me.. Tous nos sont des personnes libres de tout engagement matrimonial et ont le m\u00eame d\u00e9sir : R\u00e9ussir leur vie de couple en retrouvant une relation stable, durable, bas\u00e9e sur de vrais sentiments. Bulletin de la Soci\u00e9t\u00e9 des amis de Vienne-n1, 2011. Nos comp\u00e9tences, notre sens relationnel et notre bonne connaissance des institutions nous permettent dintervenir avec efficacit\u00e9. Le montant des honoraires et les frais varient en fonction de la nature et de l\u00e9tendue de nos interventions. La rubrique Le lyc\u00e9e poss\u00e8de d\u00e9j\u00e0 une page daccueil. Souhaitez-vous la remplacer?  A ce jour, pas de reprise de cours en 2nde, Terminale G\u00e9n\u00e9rales et technologiques, BTS, terminales professionnelles. LALEC07 a pris la d\u00e9cision de rejoindre la fabrique des transitions. Cette initiative se pr\u00e9sente comme une Une alliance.. Dans un second temps, il y a les viennoises, le bas plateau situ\u00e9 dans la partie sud-ouest du Bas-Dauphin\u00e9, sont nomm\u00e9es ainsi car les vall\u00e9es sont loin en loin bord\u00e9es de corniches \u00e9mouss\u00e9es ou de talus entaill\u00e9s dans la mioc\u00e8ne qui peut affleurer ; la balme ou baume nomme localement \u00e0 la fois la et la. Les sont fr\u00e9quemment creus\u00e9es de cavit\u00e9s artificielles utilis\u00e9es comme annexes des b\u00e2timents de la ferme ; le sable extrait des baumes \u00e9tait utilis\u00e9 comme liti\u00e8re pour amender les champs. Les Balmes viennoises, ainsi que le plateau de Bonnevaux plus au sud, sont dune grande diversit\u00e9 paysag\u00e8re du fait de la complexit\u00e9 de leur mise en place. La affleure de rive droite de la G\u00e8re ; au, elle a \u00e9t\u00e9 extraite \u00e0 grande \u00e9chelle de carri\u00e8res souterraines pour les besoins de la construction, comme en t\u00e9moignent les carri\u00e8res souterraines de Pont-\u00c9v\u00eaque. Leur roche, qui durcit \u00e0 lair libre, a servi \u00e0 la construction de la. Lesprit r\u00e9volutionnaire est bon, le Temple de la raison a succ\u00e9d\u00e9 aux autres, les arbres de libert\u00e9s fleurissent dans tous les quartiers, et les citoyens sont fiers du nom de, que la convention lui a donn\u00e9. De nouveau, une manufacture de lames de sabres et ba\u00efonnettes est mise en place le long de la rivi\u00e8re g\u00e8re, et une lettre du Comit\u00e9 de Salut public du 18 septembre 1793, avertissait les officiers municipaux de larriv\u00e9e dun commissaire, ayant pour mission dengager les ouvriers qui fabriquent des lames de sabres pour la cavalerie. Le corps municipal r\u00e9pond, en disant quil existait anciennement \u00e0 Vienne, une fabrique de lames d\u00e9p\u00e9es renomm\u00e9e pour lexcellence de sa trempe, et quil y avait aussi, une fabrique dancres de marine, qui a cess\u00e9 par suite de l\u00e9boulement du chemin qui conduisait au Rh\u00f4ne ou ont les embarquait pour les ports de la M\u00e9diterran\u00e9e, et m\u00eame de lOc\u00e9an par le canal du Languedoc. Histoire du dix-huiti\u00e8me si\u00e8cle, La r\u00e9volution fran\u00e7aise est le titre du livre que le jeune homme lisait en prison. Ce livre est film\u00e9 \u00e0 la distance du toucher. En suivant les fissures et pliures de la couverture, on voit les traces dues \u00e0 sa lecture, aux diff\u00e9rentes manipulations, aux annotations <img decoding=\"async\" src=\"http:\/\/karl-dxavid.cf\/sites\/default\/files\/20170719_DBZ_DBZ_thumb.png\" alt=\"site rencontre annonay\" align=\"center\"> Un autre embl\u00e8me de la r\u00e9ussite \u00e9conomique de la ville est l : sa fa\u00e7ade est \u00e9difi\u00e9e sous le. Elle compl\u00e8te le noyau constitu\u00e9 par un h\u00f4tel particulier du XVII e si\u00e8cle achet\u00e9 par les consuls en. La Chambre de commerce \u00e9difi\u00e9e en bordure du Rh\u00f4ne est inaugur\u00e9e en.  Prochainement, quelques stations arriveront en num\u00e9rique \u00e0 Vienne gr\u00e2ce aux allotissements 2 et 3 de la prochaine bande RNT. Lussas, une grande partie des Bouti\u00e8res entre Eyrieux et Doux serait du ressort des Segovellaunes, la partie septentrionale, au-del\u00e0 du Doux, aux Allobroges. Pour rencontrer lamour \u00e0 Saint-Marcel-l\u00e8s-Annonay cest tr\u00e8s facile car il suffit de sinscrire pour trouver la bonne personne et ce sans abonnement. Rencontre des hommes c\u00e9libataires de la ville Annonay sur Jecontacte, le site de rencontre vraiment gratuit pour site rencontre annonay, pour trouver des hommes c\u00e9libataires de la ville Annonay. Rencontre Annonay-Rendez-vous entre Annon\u00e9ens et Annon\u00e9ennes seuls du 07 Affichermasquer menu cliquez ici pour voir le menu <img decoding=\"async\" src=\"http:\/\/www.duundle.tk\/produits\/images\/71\/07_040203_1.jpg\" alt=\"site rencontre annonay\" align=\"left\"> Je viens vous remercier encore et encore pour le magnifique faire part encore plus beau en vraiet le dibond que nous voyons tout les jours illumin\u00e9 notre salon.<\/p>\n","protected":false},"excerpt":{"rendered":"<p>site rencontre annonay<\/p>\n","protected":false},"author":1,"featured_media":0,"comment_status":"closed","ping_status":"closed","sticky":false,"template":"","format":"standard","meta":{"footnotes":""},"categories":[1],"tags":[],"_links":{"self":[{"href":"https:\/\/dig-stuttgart.de\/info\/wp-json\/wp\/v2\/posts\/7182"}],"collection":[{"href":"https:\/\/dig-stuttgart.de\/info\/wp-json\/wp\/v2\/posts"}],"about":[{"href":"https:\/\/dig-stuttgart.de\/info\/wp-json\/wp\/v2\/types\/post"}],"author":[{"embeddable":true,"href":"https:\/\/dig-stuttgart.de\/info\/wp-json\/wp\/v2\/users\/1"}],"replies":[{"embeddable":true,"href":"https:\/\/dig-stuttgart.de\/info\/wp-json\/wp\/v2\/comments?post=7182"}],"version-history":[{"count":1,"href":"https:\/\/dig-stuttgart.de\/info\/wp-json\/wp\/v2\/posts\/7182\/revisions"}],"predecessor-version":[{"id":7183,"href":"https:\/\/dig-stuttgart.de\/info\/wp-json\/wp\/v2\/posts\/7182\/revisions\/7183"}],"wp:attachment":[{"href":"https:\/\/dig-stuttgart.de\/info\/wp-json\/wp\/v2\/media?parent=7182"}],"wp:term":[{"taxonomy":"category","embeddable":true,"href":"https:\/\/dig-stuttgart.de\/info\/wp-json\/wp\/v2\/categories?post=7182"},{"taxonomy":"post_tag","embeddable":true,"href":"https:\/\/dig-stuttgart.de\/info\/wp-json\/wp\/v2\/tags?post=7182"}],"curies":[{"name":"wp","href":"https:\/\/api.w.org\/{rel}","templated":true}]}}