{"id":7186,"date":"2020-07-06T15:42:31","date_gmt":"2020-07-06T15:42:31","guid":{"rendered":"http:\/\/dig-stuttgart.de\/info\/?p=7186"},"modified":"2020-06-28T09:02:14","modified_gmt":"2020-06-28T09:02:14","slug":"rencontres-amicales-ile-de-la-reunion","status":"publish","type":"post","link":"https:\/\/dig-stuttgart.de\/info\/2020\/07\/06\/rencontres-amicales-ile-de-la-reunion\/","title":{"rendered":"Rencontres Amicales Ile De La Reunion"},"content":{"rendered":"<p>Sorties entre amis Danse Ballades en for\u00eat Jeux vid\u00e9o,manga, bande dessin\u00e9e Titulaire et remplac\u00e9 par \u00e0 la 78 e minute de jeu.   <img decoding=\"async\" src=\"http:\/\/www.villabe.fr\/images\/_Villabe\/Diverses-images\/Reunion-QuartierA-Flyer-Vertical-2016-Web03.jpg\" alt=\"rencontres amicales ile de la reunion\" align=\"right\"> Deux nouvelles \u00e9curies de course participatives voient le jour sur le mod\u00e8le d\u00cele de R\u00e9 Galop. Quatre autres suivront en 2020. Ce nest pas une course de vitesse, ni m\u00eame une course de trot, mais plut\u00f4t une course dobstacles dans laquelle se sont lanc\u00e9es V\u00e9ronique Vigouroux et son bin\u00f4me, lentra\u00eeneuse de chevaux Capucine Nicot. Il que vous r\u00e9sidiez \u00e0 Versailles, \u00e0 Nanterre, \u00e0 Cr\u00e9teil, ou dans lensemble des communes du d\u00e9partement. Musique Discoth\u00e8que Football bricolage,coiffure mode Cr\u00e9\u00e9e il y a 25 ans par le m\u00e9decin Jean Claude Artus en vue de lutter contre lillettrisme, lassociation R\u00e9-Cl\u00e9-R\u00e9 a bien grandi. Reconnue en tant quorganisme de formation depuis 1995, elle a \u00e9galement re\u00e7u en 2017 lagr\u00e9ment Espace de Vie sociale par la Caisse dAllocations Familiales Caf. Vendredi 8 novembre, \u00e0 loccasion dune journ\u00e9e portes ouvertes, <img decoding=\"async\" src=\"http:\/\/documents.dwpro.fr\/images\/arimage1\/36951_Stilla_Vue001.jpg\" alt=\"rencontres amicales ile de la reunion\" align=\"center\"> Tout juste arriv\u00e9e de m\u00e9tropole, je recherche de la compagnie pour des sorties d\u00e9tentes bar, cin\u00e9ma etc., randonn\u00e9e, plage et sport kikou on nest un jeune couple et on naimerait avoir que des amies en couple pour passer des moments sympas pour sortir pour samuser ensemble on adore rigoler on est tr\u00e8s sympas alors contacter nous : Quelques Villageois avaient courageusement brav\u00e9 les \u00e9l\u00e9ments en ce d\u00e9but de matin\u00e9e du 11 novembre pour assister \u00e0 la derni\u00e8re c\u00e9r\u00e9monie pr\u00e9sid\u00e9e par le maire Gilles Duval, entour\u00e9 dune partie de son conseil municipal. Lors de la comm\u00e9moration, apr\u00e8s la lecture de la lettre de Genevi\u00e8ve Darrieussecq, secr\u00e9taire dEtat aupr\u00e8s de la Ministre des Arm\u00e9es, deux <img decoding=\"async\" src=\"http:\/\/www.explore.familysearchparty.com\/wp-content\/uploads\/2015\/07\/Marchaures-blancs-maillot-de-football-GOT-300x168.jpg\" alt=\"rencontres amicales ile de la reunion\" align=\"left\"> Comm\u00e9morations du 8-Mai. La section de la Haute-Garonne au c\u0153ur de la nation Homme 60ans retrait\u00e9,jeune de caractere et de physique \u00e9galement, sportif,souhaitant rencontrer jeune femme de 50 \u00e0 55 ans pour relation stable et pratiquer rando,faire des sorties diverses spectacle, voyage, cine resto, plage etc.. Je suis tr\u00e9s \u00e0 l\u00e9coute et g\u00e9n\u00e9reux La m\u00e9daille dor pour les Hu\u00eetres Et ma R\u00e9 Le produit pr\u00e9sent\u00e9 par l\u00e9tablissement ostr\u00e9icole a convaincu le jury. Cest la 1re fois que les Hu\u00eetres Et ma R\u00e9 sont m\u00e9daill\u00e9es. La tr\u00e8s bonne nouvelle est arriv\u00e9e pour les \u00e9tablissements ostr\u00e9icoles en d\u00e9but de semaine derni\u00e8re. Quand jai ouvert mes mails, nous avons consult\u00e9 les r\u00e9sultats Entre en jeu \u00e0 la place de \u00e0 la 76 e minute de jeu. Ballades en for\u00eat Cin\u00e9ma Danse randonn\u00e9es. Bien \u00e9tre spiritualit\u00e9. Bonjour \u00e0 tous, Nous sommes un couple de 26 et 29 ans. On est arriv\u00e9 il a quelques mois \u00e0 la R\u00e9union et on recherche des personnes avec qui sortir pour boire un verre, ou faire des activit\u00e9es genre rando.. Bonjour suis marie chercher femme pour relation trankil Depuis de tr\u00e8s nombreuses ann\u00e9es, tous ceux qui participent aux c\u00e9r\u00e9monies des 8 mai et 11 novembre avaient lhabitude dy croiser Jean Garidou et d\u00e9couter la lecture quil faisait des discours du Ministre des anciens combattants avec force et conviction. Jean Garidou a toujours su entretenir ce devoir de m\u00e9moire, n\u00e9cessaire aux nouvelles g\u00e9n\u00e9rations, et faire des Arts Cin\u00e9ma Restaurant Natation,la plage,pique nique. Je cherche des amis pour des randonnees,je suis en couple avec deux enfants  Bonjour, maman c\u00e9libataire de 31 ans, je souhaiterais faire des rencontres amicales, pour sorties, cin\u00e9s ou resto. Rencontre Friends Niort Rencontre Gratuite Site Pour Ado C\u00e9libatair Site Rencontre Pour Homme Marie Manag, Se faire des amis et sorties amicales sur le d\u00e9partement La R\u00e9union 974.<\/p>\n","protected":false},"excerpt":{"rendered":"<p>rencontres amicales ile de la reunion<\/p>\n","protected":false},"author":1,"featured_media":0,"comment_status":"closed","ping_status":"closed","sticky":false,"template":"","format":"standard","meta":{"footnotes":""},"categories":[1],"tags":[],"_links":{"self":[{"href":"https:\/\/dig-stuttgart.de\/info\/wp-json\/wp\/v2\/posts\/7186"}],"collection":[{"href":"https:\/\/dig-stuttgart.de\/info\/wp-json\/wp\/v2\/posts"}],"about":[{"href":"https:\/\/dig-stuttgart.de\/info\/wp-json\/wp\/v2\/types\/post"}],"author":[{"embeddable":true,"href":"https:\/\/dig-stuttgart.de\/info\/wp-json\/wp\/v2\/users\/1"}],"replies":[{"embeddable":true,"href":"https:\/\/dig-stuttgart.de\/info\/wp-json\/wp\/v2\/comments?post=7186"}],"version-history":[{"count":1,"href":"https:\/\/dig-stuttgart.de\/info\/wp-json\/wp\/v2\/posts\/7186\/revisions"}],"predecessor-version":[{"id":7187,"href":"https:\/\/dig-stuttgart.de\/info\/wp-json\/wp\/v2\/posts\/7186\/revisions\/7187"}],"wp:attachment":[{"href":"https:\/\/dig-stuttgart.de\/info\/wp-json\/wp\/v2\/media?parent=7186"}],"wp:term":[{"taxonomy":"category","embeddable":true,"href":"https:\/\/dig-stuttgart.de\/info\/wp-json\/wp\/v2\/categories?post=7186"},{"taxonomy":"post_tag","embeddable":true,"href":"https:\/\/dig-stuttgart.de\/info\/wp-json\/wp\/v2\/tags?post=7186"}],"curies":[{"name":"wp","href":"https:\/\/api.w.org\/{rel}","templated":true}]}}