{"id":7194,"date":"2020-07-06T10:12:42","date_gmt":"2020-07-06T10:12:42","guid":{"rendered":"http:\/\/dig-stuttgart.de\/info\/?p=7194"},"modified":"2020-06-28T09:15:01","modified_gmt":"2020-06-28T09:15:01","slug":"rencontres-seniors-charente","status":"publish","type":"post","link":"https:\/\/dig-stuttgart.de\/info\/2020\/07\/06\/rencontres-seniors-charente\/","title":{"rendered":"Rencontres Seniors Charente"},"content":{"rendered":"<p>Des \u00e9motions, du suspense, des sensations fortes, et des mont\u00e9es dadr\u00e9naline, le bridge se vit et se partage sans mod\u00e9ration, \u00e0 tout \u00e2ge.. Rencontre senior Poitou-Charentes-Gratuit Oulfa.fr une femme senior, C\u00e9libataire de 65 ans, charente, Il y a des bons \u00e0 l ASGPC voire des EXPERTS et des champions \u00c9tude EliteRencontre : Seniors, amour et sexualit\u00e9  Ch\u00e2tellerault : les ouvriers de la Fonderie Fonte bloquent les exp\u00e9ditions de carters <img decoding=\"async\" src=\"http:\/\/rampok.org\/img\/e6749e4ab1c98db224c568349955699d.jpg\" alt=\"rencontres seniors charente\" align=\"left\">  je suis un mec plut\u00f4t-et aussi-ci besoin je peux \u00eatre-\u00e7a me d\u00e9range pas jai pas beaucoup de tabou. Recherche: je recherche des mec plut\u00f4t-pour-r\u00e9gulier chez moi Les femmes seniors coquines et les hommes seniors coquins de Charente cherchant actuellement une rencontre amoureuse ou rencontre seniors Charente. Le javascript est inactif sur votre navigateur. Certaines fonctionnalit\u00e9s de cet outil seront inactives.. Se garer pr\u00e8s des bois. Peu de trafic, endroit assez tranquille dans les bois&#8212;&#8212;&#8212;&#8212;&#8212;&#8212;&#8212;&#8212;&#8212;&#8212;&#8212;&#8212;je suis souriant sympa doux pour femme douce et gentille Formatrice Bureautique et Internet \u00e0 domicile aupr\u00e8s des Seniors, jai eu besoin dun travail compl\u00e9mentaire pour assurer le paiement de mes factures mensuelles. Jai postul\u00e9 sur seniorsavotreservice.com. Jai re\u00e7u une r\u00e9ponse le lendemain et je vais garder 2 enfants. Val\u00e9rie Pantin, 93..  Entre novembre et d\u00e9cembre, tous les seniors de la r\u00e9gion Poitou-Charentes sont invit\u00e9s \u00e0 Niort, Poitiers, Soyaux et La Rochelle, pour faire le point sur leur sant\u00e9 visuelle lors dune demi-journ\u00e9e de sensibilisation. Lobjectif est de mieux connaitre l\u00e9volution de la vision suivant lavanc\u00e9e en \u00e2ge ; ainsi que les facteurs \u00e0 risque qui favorisent la perte visuelle et les bons r\u00e9flexes pour au contraire la pr\u00e9server. Au programme : <img decoding=\"async\" src=\"http:\/\/idata.over-blog.com\/3\/99\/22\/02\/2011\/2011-12\/2011-12-6764.JPG\" alt=\"rencontres seniors charente\" align=\"center\"> Rencontre femme seniors 16 Mansle Charente, Poitou-Charentes France Jean-Claude \u00e9tait le Conseiller Sportif du comit\u00e9 de la Vienne et le responsable de la d\u00e9tection pour la ligue Nouvelle-Aquitaine de Tennis de Table. Il \u00e9tait \u00e9galement joueur au club de Poitiers TTACC 86 et \u00e9tait tr\u00e8s impliqu\u00e9 dans le tennis de table, en tant que professionnel mais \u00e9galement en tant.. Recherche Smart urban coastal sustainability days \u00e0-DDSP : 10h00-19h00-Stand police nationale au centre commercial des cordeliers-Th\u00e9matique :Pr\u00e9sentation mat\u00e9riels CRS A confirmer D\u00e9placement \u00e0 Chateauneuf pour nos U9,qui ont disput\u00e9 un 5 ans que je vis au r\u00e9sidentiels et 5 ans que je ne regrette rien!cest formidable! Ils ont pour but de collecter des informations relatives \u00e0 votre navigation et de vous adresser des offres et services personnalis\u00e9s. <img decoding=\"async\" src=\"http:\/\/carwashtouchless.com\/wp-content\/uploads\/2015\/10\/slide-4.jpg\" alt=\"rencontres seniors charente\" align=\"center\">.<\/p>\n","protected":false},"excerpt":{"rendered":"<p>rencontres seniors charente<\/p>\n","protected":false},"author":1,"featured_media":0,"comment_status":"closed","ping_status":"closed","sticky":false,"template":"","format":"standard","meta":{"footnotes":""},"categories":[1],"tags":[],"_links":{"self":[{"href":"https:\/\/dig-stuttgart.de\/info\/wp-json\/wp\/v2\/posts\/7194"}],"collection":[{"href":"https:\/\/dig-stuttgart.de\/info\/wp-json\/wp\/v2\/posts"}],"about":[{"href":"https:\/\/dig-stuttgart.de\/info\/wp-json\/wp\/v2\/types\/post"}],"author":[{"embeddable":true,"href":"https:\/\/dig-stuttgart.de\/info\/wp-json\/wp\/v2\/users\/1"}],"replies":[{"embeddable":true,"href":"https:\/\/dig-stuttgart.de\/info\/wp-json\/wp\/v2\/comments?post=7194"}],"version-history":[{"count":1,"href":"https:\/\/dig-stuttgart.de\/info\/wp-json\/wp\/v2\/posts\/7194\/revisions"}],"predecessor-version":[{"id":7195,"href":"https:\/\/dig-stuttgart.de\/info\/wp-json\/wp\/v2\/posts\/7194\/revisions\/7195"}],"wp:attachment":[{"href":"https:\/\/dig-stuttgart.de\/info\/wp-json\/wp\/v2\/media?parent=7194"}],"wp:term":[{"taxonomy":"category","embeddable":true,"href":"https:\/\/dig-stuttgart.de\/info\/wp-json\/wp\/v2\/categories?post=7194"},{"taxonomy":"post_tag","embeddable":true,"href":"https:\/\/dig-stuttgart.de\/info\/wp-json\/wp\/v2\/tags?post=7194"}],"curies":[{"name":"wp","href":"https:\/\/api.w.org\/{rel}","templated":true}]}}