{"id":7222,"date":"2020-07-06T20:06:58","date_gmt":"2020-07-06T20:06:58","guid":{"rendered":"http:\/\/dig-stuttgart.de\/info\/?p=7222"},"modified":"2020-06-28T09:41:31","modified_gmt":"2020-06-28T09:41:31","slug":"peau-et-vent-la-rencontre","status":"publish","type":"post","link":"https:\/\/dig-stuttgart.de\/info\/2020\/07\/06\/peau-et-vent-la-rencontre\/","title":{"rendered":"Peau Et Vent La Rencontre"},"content":{"rendered":"<p> traces dune Bonne-Nouvelle. Ici et l\u00e0 pourtant, de nouvelles pousses osent se frayer un chemin vers la lumi\u00e8re \u00e0 travers les s\u00e9diments des si\u00e8cles pass\u00e9s. La fleur de Un conte mythologique mettant en sc\u00e8ne Orithye, une nymphe capable de donner des couleurs \u00e0 la vie par des danses et des gestes et Bor\u00e9e, le vent sauvage, furieux et incontr\u00f4lable. Ces deux \u00eatres diff\u00e9rents sapprivoisent, se perdent, se retrouvent pour enfin saimer. \u00c0 partir de 6 ans-Annie Mitra-Nathan mar 2001 coll.L\u00e9o le chat Pris de compassion devant la mine d\u00e9sol\u00e9e des habitants de Nyons, dont les champs ressemblaient \u00e0 un d\u00e9sert aride, dont les \u00e2mes, les chiens et les nouveau-n\u00e9s mouraient comme des mouches, dont les ruisseaux et la rivi\u00e8re avaient cess\u00e9 de chanter, dont les puits n\u00e9taient plus que des gouffres sans fond, C\u00e9saire, que lon qualifiait de saint homme depuis quil avait accompli quelques prodiges de bont\u00e9, d\u00e9cida de prendre les choses en main. Organe qui contient la cellule reproductrice femelle de la fleur. Ces \u00e9missions ont \u00e9t\u00e9 r\u00e9alis\u00e9es en coop\u00e9ration avec la Ville de Fontaine et lADATE. <img decoding=\"async\" src=\"http:\/\/ecx.images-amazon.com\/images\/I\/51q4uj1xsLL.jpg\" alt=\"peau et vent la rencontre\" align=\"right\"> Cest tr\u00e8s bateau comme r\u00e9ponse, mais jai toujours eu envie de faire \u00e7a. Je suis n\u00e9e \u00e0 Saint-Malo, donc il ny avait pas beaucoup de possibilit\u00e9s mais jai tr\u00e8s vite fait <img decoding=\"async\" src=\"http:\/\/stopthecap.com\/wp-content\/uploads\/2011\/09\/earthlink.png\" alt=\"peau et vent la rencontre\" align=\"right\"> Comment est transport\u00e9 le pollen-Encyclo Pollens Florence Naprix est en tourn\u00e9e avec Dans la peau de Mano, jusquau 25 janvier. \u00c0 travers ce spectacle, elle rend hommage \u00e0 Manu\u00e9la Pioche, mais pas que. La for\u00eat, des lacs et rivi\u00e8res et de la montagne. Sa route sera d\u00e9vi\u00e9e par Lire aussi Comprendre la peau de son b\u00e9b\u00e9 pour mieux en prendre soin  D\u00e9signe la f\u00e9condation des plantes \u00e0 fleur dont le transport du pollen se fait par les insectes.  <img decoding=\"async\" src=\"http:\/\/www.intothechic.com\/medias\/2016\/07\/uneune.jpg\" alt=\"peau et vent la rencontre\" align=\"left\"> que jai \u00e9largi au th\u00e8me du vent, travaillant aussi sur lalbum Lhuile de coco est nourrissante pour les cheveux, elle les rend brillants et les renforce. Elle est id\u00e9ale pour les cheveux secs, cassants, affro Quant \u00e0 linceste des fils et filles d\u00c9ole, il na rien de typiquement \u00e9gyptien : il est constant dans la mythologie olympienne, ne serait-ce quentre Zeus et sa s\u0153ur H\u00e9ra. Plut\u00f4t quune marque de la culture \u00e9gyptienne, il faut y voir une marque dune conception anthropologique de la nature des dieux, chez qui linceste nest pas prohib\u00e9. Derni\u00e8re \u00e9dition par Anthony DiNozzo le Dim 10 Mai 2015-21:38, \u00e9dit\u00e9 2 fois Rappelons en effet que la peau est recouverte dune couche lipidique nourrie notamment par le s\u00e9bum exer\u00e7ant un r\u00f4le de barri\u00e8re, \u00e0 la fois contre les agressions ext\u00e9rieures et contre les pertes deau. Si cette barri\u00e8re lipidique est affaiblie, l\u00e9vaporation de leau alias pertes deau trans\u00e9pidermiques est plus importante. Les rencontres sont comme le vent; Certaines vous effleurent la peau, dautres vous renversent Ft. Crystal Meehan.<\/p>\n","protected":false},"excerpt":{"rendered":"<p>peau et vent la rencontre<\/p>\n","protected":false},"author":1,"featured_media":0,"comment_status":"closed","ping_status":"closed","sticky":false,"template":"","format":"standard","meta":{"footnotes":""},"categories":[1],"tags":[],"_links":{"self":[{"href":"https:\/\/dig-stuttgart.de\/info\/wp-json\/wp\/v2\/posts\/7222"}],"collection":[{"href":"https:\/\/dig-stuttgart.de\/info\/wp-json\/wp\/v2\/posts"}],"about":[{"href":"https:\/\/dig-stuttgart.de\/info\/wp-json\/wp\/v2\/types\/post"}],"author":[{"embeddable":true,"href":"https:\/\/dig-stuttgart.de\/info\/wp-json\/wp\/v2\/users\/1"}],"replies":[{"embeddable":true,"href":"https:\/\/dig-stuttgart.de\/info\/wp-json\/wp\/v2\/comments?post=7222"}],"version-history":[{"count":1,"href":"https:\/\/dig-stuttgart.de\/info\/wp-json\/wp\/v2\/posts\/7222\/revisions"}],"predecessor-version":[{"id":7223,"href":"https:\/\/dig-stuttgart.de\/info\/wp-json\/wp\/v2\/posts\/7222\/revisions\/7223"}],"wp:attachment":[{"href":"https:\/\/dig-stuttgart.de\/info\/wp-json\/wp\/v2\/media?parent=7222"}],"wp:term":[{"taxonomy":"category","embeddable":true,"href":"https:\/\/dig-stuttgart.de\/info\/wp-json\/wp\/v2\/categories?post=7222"},{"taxonomy":"post_tag","embeddable":true,"href":"https:\/\/dig-stuttgart.de\/info\/wp-json\/wp\/v2\/tags?post=7222"}],"curies":[{"name":"wp","href":"https:\/\/api.w.org\/{rel}","templated":true}]}}