{"id":7370,"date":"2020-07-07T16:50:42","date_gmt":"2020-07-07T16:50:42","guid":{"rendered":"http:\/\/dig-stuttgart.de\/info\/?p=7370"},"modified":"2020-06-28T10:57:50","modified_gmt":"2020-06-28T10:57:50","slug":"rencontres-economiques-le-mans","status":"publish","type":"post","link":"https:\/\/dig-stuttgart.de\/info\/2020\/07\/07\/rencontres-economiques-le-mans\/","title":{"rendered":"Rencontres Economiques Le Mans"},"content":{"rendered":"<p>Olivier SUPIOT Lili Crochette, La patrouille des invisibles : samedi dimanche  Conseiller Particulier HF-LE MANS chez Groupe BPCE Carri\u00e8res chez Groupe BPCE Lh\u00f4tel Singher, situ\u00e9 dans le est construit par larchitecte Caron. Ses plans sont con\u00e7us \u00e0 lorigine par et la soci\u00e9t\u00e9 des mutuelles du Mans. Lh\u00f4tel est une imitation de style Louis XI et fut pendant longtemps lun des si\u00e8ges de la firme. Au, il devient pendant un temps le si\u00e8ge du consulat de Belgique au Mans. <img decoding=\"async\" src=\"http:\/\/blog-orne-developpement.com\/wp-content\/uploads\/2017\/09\/CDC_SO_Cornu.jpg\" alt=\"rencontres economiques le mans\" align=\"center\"> <img decoding=\"async\" src=\"http:\/\/s1.dmcdn.net\/G6u-\/x240-Ei9.jpg\" alt=\"rencontres economiques le mans\" align=\"left\"> Ouverture de l EXPOSITION r\u00e9trospective BLUEBERRY SUR LA PISTE DE L\u00c9PAU en pr\u00e9sence de ISABELLE GIRAUD, Commissaire de lexposition pour Moebius Production. Christian PEULTIER Nuage, Mirabelle : samedi dimanche  Pourriez vous ajouter sur votre interface les chiffres clefs du bilan comptable du porteur de projet? DURAND Mathieu, 2011, La construcci\u00f3n de desigualdades y de fragmentaciones en la metr\u00f3poli de Lima-Callao, Lima : Universit\u00e9 San Mart\u00edn de Porres, 09062011 <img decoding=\"async\" src=\"http:\/\/www.lemansdeveloppement.fr\/wp-content\/uploads\/2015\/09\/invitation-LMD_visuel_couv-Recto.jpg\" alt=\"rencontres economiques le mans\" align=\"left\"> 103.5 FM : d\u00e9clinaison mancelle de Virgin Radio., Educpro, consult\u00e9 sur www.educpros.fr le 9 juin 2020  DURAND Mathieu, 2013, La gestion des d\u00e9chets \u00e0 Lima : quelle articulation entre secteur formel et informel, Port-au-Prince, Universit\u00e9 Quisqueya, 08022013 D\u00e9dicace dans le cadre de, Th\u00e9\u00e2tre des Quinconces, \u00e0 partir de 19h30 Franck DUPRAT, Directeur Agence Maine Val de Loire, COFELY Cest compliqu\u00e9 est un courrier du c\u0153ur moderne dans lequel vous racontez vos histoires dans toute leur complexit\u00e9 et o\u00f9 une chroniqueuse vous r\u00e9pond. Cette chroniqueuse, cest Lucile Bellan. Elle est journaliste: ni psy, ni m\u00e9decin, ni gourou. Elle avait simplement envie de parler de vos probl\u00e8mes. Rencontres ENR Green 2011, les 11 et 12 octobre au Mans MAGAZINE ET PORTAIL FRANCOPHONE DES BIO\u00c9NERGIES De \u00e0, quatre soci\u00e9t\u00e9s savantes artistiques ou historiques voient le jour au Mans. Au d\u00e9but, ce sont majoritairement les eccl\u00e9siastiques qui en composent les rangs. Jusqu\u00e0 la fin du XIX e si\u00e8cle, elles furent concurrentes, voire rivales. La Soci\u00e9t\u00e9 dagriculture, sciences et arts de la Sarthe est lh\u00e9riti\u00e8re du Bureau dagriculture cr\u00e9\u00e9 en. Ses premi\u00e8res publications sont faites en. Cest cette soci\u00e9t\u00e9 qui, par linterm\u00e9diaire de Fortun\u00e9 Legeay, fait compte rendu annuel des Manceaux et Sarthois participants au Salon de Paris. Un totebag Charlotte en noir et blanc sera propos\u00e9 \u00e0 la client\u00e8le tirage de 100 exemplaires : il contiendra lalbum, un ex-libris en noir et blanc de Charlotte devant le menhir, ainsi que ce m\u00eame dessin en couleur imprim\u00e9 en format affiche format \u00e0 d\u00e9terminer. Lalerte quotidienne vous annon\u00e7ant la question du jour et lexpert qui r\u00e9pondra \u00e0 la question. Laudition pour mineur est r\u00e9gie par larticle 388-1 du Code Civil issu de la loi N39-22 du 8 janvier 1993. La loi du 5 mars 2007 a compl\u00e9t\u00e9 cet article.<\/p>\n","protected":false},"excerpt":{"rendered":"<p>rencontres economiques le mans<\/p>\n","protected":false},"author":1,"featured_media":0,"comment_status":"closed","ping_status":"closed","sticky":false,"template":"","format":"standard","meta":{"footnotes":""},"categories":[1],"tags":[],"_links":{"self":[{"href":"https:\/\/dig-stuttgart.de\/info\/wp-json\/wp\/v2\/posts\/7370"}],"collection":[{"href":"https:\/\/dig-stuttgart.de\/info\/wp-json\/wp\/v2\/posts"}],"about":[{"href":"https:\/\/dig-stuttgart.de\/info\/wp-json\/wp\/v2\/types\/post"}],"author":[{"embeddable":true,"href":"https:\/\/dig-stuttgart.de\/info\/wp-json\/wp\/v2\/users\/1"}],"replies":[{"embeddable":true,"href":"https:\/\/dig-stuttgart.de\/info\/wp-json\/wp\/v2\/comments?post=7370"}],"version-history":[{"count":1,"href":"https:\/\/dig-stuttgart.de\/info\/wp-json\/wp\/v2\/posts\/7370\/revisions"}],"predecessor-version":[{"id":7371,"href":"https:\/\/dig-stuttgart.de\/info\/wp-json\/wp\/v2\/posts\/7370\/revisions\/7371"}],"wp:attachment":[{"href":"https:\/\/dig-stuttgart.de\/info\/wp-json\/wp\/v2\/media?parent=7370"}],"wp:term":[{"taxonomy":"category","embeddable":true,"href":"https:\/\/dig-stuttgart.de\/info\/wp-json\/wp\/v2\/categories?post=7370"},{"taxonomy":"post_tag","embeddable":true,"href":"https:\/\/dig-stuttgart.de\/info\/wp-json\/wp\/v2\/tags?post=7370"}],"curies":[{"name":"wp","href":"https:\/\/api.w.org\/{rel}","templated":true}]}}