{"id":7402,"date":"2020-07-07T09:25:12","date_gmt":"2020-07-07T09:25:12","guid":{"rendered":"http:\/\/dig-stuttgart.de\/info\/?p=7402"},"modified":"2020-06-28T11:13:16","modified_gmt":"2020-06-28T11:13:16","slug":"rencontres-bayreuth","status":"publish","type":"post","link":"https:\/\/dig-stuttgart.de\/info\/2020\/07\/07\/rencontres-bayreuth\/","title":{"rendered":"Rencontres Bayreuth"},"content":{"rendered":"<p>Tristan au Festival de Bayreuth: les structures de lenfermement de Katharina Wagner-Opera World On se dirige alors du c\u00f4t\u00e9 de la salle, dont la porte se Lesth\u00e9tique, cette science des sensations, ne soccupe pas de celles du toucher et du go\u00fbt, de lodorat ; quoiquagissant sur nous avec plus de force que les autres, elles sont cependant trop grossi\u00e8res pour avoir aucun rapport avec les beaux-arts. <img decoding=\"async\" src=\"http:\/\/en.annecy.eu\/uploads\/Image\/d6\/6603_1347365259_4-Dessiner-1.jpg\" alt=\"rencontres bayreuth\" align=\"center\"> par le labeur de sa population gaie, savoureuse, \u00e9clair\u00e9e et lib\u00e9rale, sous la la troisi\u00e8me et quatri\u00e8me Consid\u00e9ration inactuelle, on oppose, comme lindication dune conception sup\u00e9rieure de la civilisation, du r\u00e9tablissement de la notion de civilisation, deux images de la qu\u00eate de soi et de la discipline de soi parmi les plus dures, deux types qui sont par excellence inactuels, anim\u00e9s dun m\u00e9pris souverain pour tout ce qui, autour deux, sappelait Empire, culture, christianisme, Bismarck, succ\u00e8s, Schopenhauer et Wagner, ou, pour mieux dire, en un seul mot, Nietzsche.. Sauvegardez les documents de votre choix en cliquant sur l\u00e9toile. Retrouvez-les ensuite dans votre espace personnel Mon Universalis. CONCOURS CHOREGRAPHIQUE CHEZ SOI 2020. Covid19 oblige, la forme de la finale de la 3\u00e8me \u00e9dition du Concours de jeunes chor\u00e9graphes qui devait avoir lieu \u00e0 Biarritz a chang\u00e9 et int\u00e9grant la diffusion salvatrice sur internet est devenu cette ann\u00e9e le 1er Concours chor\u00e9graphique depuis chez vous : une initiative visionnaire qui d\u00e9fiant le contexte contraignant, offre un coup de projecteur sur les chor\u00e9graphes participatifs. Organis\u00e9 par le Malandain Ballet Biarritz avec lOp\u00e9ra National de Bordeaux et le CCNBallet de lOp\u00e9ra National du Rhin, dont Martin Harriague, chor\u00e9graphe associ\u00e9 au Malandain Ballet Biarritz fut lun des laur\u00e9ats en 1876, le d\u00e9ficit se monte \u00e0 148 000 marks, sans compter la dette Siegfried Wagner Ein Sohn ist da!, par Laure et Thierry Levaux-Heysch  dune centaine de pages sur la carri\u00e8re dErnest Van Il est prudent de retenir sa table davance au grand  Ce traditionnel match de foot a mobilis\u00e9 une vingtaine de jeunes N\u00e9vianais et presque autant dallemands sur le terrain de sixte mis \u00e0 disposition par la Municipalit\u00e9 de N\u00e9vian. Cette confrontation amicale dont le r\u00e9sultat sportif a une grande importance pour tous ces joueurs, est surtout loccasion donn\u00e9e aux jeunes des 2 pays de se rencontrer, lobjectif principal restant la convivialit\u00e9. Une troisi\u00e8me mi-temps o\u00f9 les vins de la Coop\u00e9rative locale et la bi\u00e8re de nos invit\u00e9s de Haute Franconie ont accompagn\u00e9s la paella g\u00e9ante cuisin\u00e9e sur place par Luc Garcia, le r\u00e9f\u00e9rent mobilit\u00e9 internationale des apprentis du CFA Henri Martin de L\u00e9zignan, a agr\u00e9ablement prolong\u00e9 la soir\u00e9e. <img decoding=\"async\" src=\"http:\/\/www.sofascore.com\/images\/share\/16x9\/1-fc-nurnberg-ii-spvgg-bayreuth-7850923.png\" alt=\"rencontres bayreuth\" align=\"center\"> 49Mais Nietzsche pr\u00e9f\u00e8re s\u00e9loigner et mettre le festival en quarantaine ; et alors, il prend la mesure du danger et du risque encouru. Il r\u00e9ussit \u00e0 se sauver \u00e0 temps sans \u00eatre contamin\u00e9 compl\u00e8tement, \u00e0 sauver assez d\u00e9nergie afin de fuir et r\u00e9cup\u00e9rer en interpr\u00e9tant l\u00e9v\u00e9nement. En effet,  pr\u00e9tendre \u00e0 une formulation \u00e9tay\u00e9e par des pr\u00e9suppos\u00e9s th\u00e9oriques. Quelles que ma\u00eetresse du logis et lexquise affabilit\u00e9 avec laquelle elle <img decoding=\"async\" src=\"http:\/\/en.annecy.eu\/uploads\/Image\/df\/6595_1347365254_2-Salut.jpg\" alt=\"rencontres bayreuth\" align=\"right\"> Javais le sentiment que tout ce qui mentourait l\u00e0-bas m\u00e9tait fonci\u00e8rement \u00e9tranger il me semblait r\u00eaver.. O\u00f9 donc \u00e9tais-je? Je ne reconnaissais plus rien, cest \u00e0 peine si je reconnaissais Wagner. Quest-ce qui s\u00e9tait pass\u00e9? Le Wagn\u00e9rien s\u00e9tait rendu ma\u00eetre de Wagner! lart allemand! demi-teintes de. Hommage doit alors \u00eatre rendu \u00e0 limpact du, dune rigueur et dune v\u00e9h\u00e9mence confondantes.<\/p>\n","protected":false},"excerpt":{"rendered":"<p>rencontres bayreuth<\/p>\n","protected":false},"author":1,"featured_media":0,"comment_status":"closed","ping_status":"closed","sticky":false,"template":"","format":"standard","meta":{"footnotes":""},"categories":[1],"tags":[],"_links":{"self":[{"href":"https:\/\/dig-stuttgart.de\/info\/wp-json\/wp\/v2\/posts\/7402"}],"collection":[{"href":"https:\/\/dig-stuttgart.de\/info\/wp-json\/wp\/v2\/posts"}],"about":[{"href":"https:\/\/dig-stuttgart.de\/info\/wp-json\/wp\/v2\/types\/post"}],"author":[{"embeddable":true,"href":"https:\/\/dig-stuttgart.de\/info\/wp-json\/wp\/v2\/users\/1"}],"replies":[{"embeddable":true,"href":"https:\/\/dig-stuttgart.de\/info\/wp-json\/wp\/v2\/comments?post=7402"}],"version-history":[{"count":1,"href":"https:\/\/dig-stuttgart.de\/info\/wp-json\/wp\/v2\/posts\/7402\/revisions"}],"predecessor-version":[{"id":7403,"href":"https:\/\/dig-stuttgart.de\/info\/wp-json\/wp\/v2\/posts\/7402\/revisions\/7403"}],"wp:attachment":[{"href":"https:\/\/dig-stuttgart.de\/info\/wp-json\/wp\/v2\/media?parent=7402"}],"wp:term":[{"taxonomy":"category","embeddable":true,"href":"https:\/\/dig-stuttgart.de\/info\/wp-json\/wp\/v2\/categories?post=7402"},{"taxonomy":"post_tag","embeddable":true,"href":"https:\/\/dig-stuttgart.de\/info\/wp-json\/wp\/v2\/tags?post=7402"}],"curies":[{"name":"wp","href":"https:\/\/api.w.org\/{rel}","templated":true}]}}