{"id":7412,"date":"2020-07-07T23:03:38","date_gmt":"2020-07-07T23:03:38","guid":{"rendered":"http:\/\/dig-stuttgart.de\/info\/?p=7412"},"modified":"2020-06-28T11:19:55","modified_gmt":"2020-06-28T11:19:55","slug":"blog-rencontre-gers","status":"publish","type":"post","link":"https:\/\/dig-stuttgart.de\/info\/2020\/07\/07\/blog-rencontre-gers\/","title":{"rendered":"Blog Rencontre Gers"},"content":{"rendered":"<p>Il sagit certainement de notre coup de coeur du s\u00e9jour dans le Gers. LH\u00f4tel particulier Guilhon est une merveille de la ville de Lectoure. En arrivant devant la grande porte de lh\u00f4tel, on ne simaginait pas du tout ce quil y avait derri\u00e8re. Sur une dizaine de m\u00e8tres, vous serez transport\u00e9s \u00e0 lautre bout du monde gr\u00e2ce \u00e0 cette grande all\u00e9e en bois, bord\u00e9e de palmiers tropicaux et plantes exotiques. Puis on d\u00e9couvre la piscine chauff\u00e9e o\u00f9 vous pourrez vous pr\u00e9lasser avec un verre issu du Honesty Bar.  Pour toute information Cette adresse e-mail est prot\u00e9g\u00e9e contre les robots spammeurs. Vous devez activer le JavaScript pour la visualiser. Int\u00e9r\u00eats communs : Caf\u00e9 et conversations, Jardinage Entretien paysager, Films Vid\u00e9os, Musique et concerts, Jeux de soci\u00e8t\u00e9, Int\u00e9r\u00eats politiques Un enfant nest pas la propri\u00e9t\u00e9 de ses g\u00e9niteurs.  CINE-RENCONTRE-PRENDRE SOIN Cet \u00e9v\u00e9nement est termin\u00e9 Sens de lhumour : Je ris quand cest vraiment dr\u00f4le, Amical, je souris toujours Avec le Collectif Inter-Associatif des Aidants familiaux CIAAF et lInstitut de recherches \u00e9conomiques et sociales IRES, nous lan\u00e7ons une enqu\u00eate sur limpact du confinement et sur vos besoins afin dinterpeller collectivement les pouvoirs publics. Envoyer \u00e0 ladresse e-mail Votre nom Votre adresse e-mail Lisez mon commentaire vous verrez que quoi qu il arrive on trouvera quelque chose a reprocher a cette famille pour ne pas mettre en cause une administration. Cest lesprit corporatiste de nos institutions. Elles ne se remettent jamais en cause Mr. Le Juge pr\u00e9sume trop vite Cette courte phrase est parfaitement appropri\u00e9e au syst\u00e8me fran\u00e7ais, ou la base \u00e9ducative sont : Larticle na pas \u00e9t\u00e9 envoy\u00e9-V\u00e9rifiez vos adresses e-mail! Le V\u00e9ritable luxe cest de se r\u00e9veiller chaque matin et de se dire que la Vie est Belle.  Sur les questions relatives \u00e0 la r\u00e9gulation du num\u00e9rique, le commissaire europ\u00e9en sest montr\u00e9 optimiste en notant une certaine bonne volont\u00e9 de la part des grands op\u00e9rateurs tels que Google ou Facebook vis-\u00e0-vis des exigences europ\u00e9ennes. La neutralit\u00e9 des terminaux, cest une priorit\u00e9, dit-il. Les choses sont sans ambig\u00fcit\u00e9. On voit le r\u00f4le que jouent les grandes plateformes. Le premier point dans la guerre des donn\u00e9es telle quon la vit, ce sont les donn\u00e9es personnelles. On sait quelles ont \u00e9t\u00e9 capt\u00e9es dabord par des grandes plateformes am\u00e9ricaines ou chinoises parce quil y avait des march\u00e9s int\u00e9gr\u00e9s tr\u00e8s vastes dacc\u00e8s aux consommateurs. Ces plateformes n\u00e9taient pas dune innovation technologique majeure, mais en revanche en Europe, on a \u00e9t\u00e9 les premiers \u00e0 d\u00e9velopper de vraies applications \u00e0 base de donn\u00e9es industrielles parce quon avait la base industrielle la plus \u00e9volu\u00e9e au monde, et cest pour \u00e7a que je me bats pour pouvoir vraiment la maintenir. <img decoding=\"async\" src=\"http:\/\/www.lateraabls.tk\/fileadmin\/Mediatheque\/Videos\/Culture_et_patrimoine\/En_guerre.jpg\" alt=\"blog rencontre gers\" align=\"right\">.. Sms!aux appels masques! N hesitez pas a me joindre je vous repondre avec plaisirs! Si vous ne m avez pas en direct vous pouvez me laisser vos coordonnees je vous rappelle des que possible! Bises L\u00e9quipe de lOffice de Tourisme de la T\u00e9nar\u00e8ze am\u00e9nage ses horaires pour vous accueillir en toute s\u00e9curit\u00e9 : Nous sommes all\u00e9s au coeur des vignes puis dans le hangar de production o\u00f9 sont stock\u00e9es les diff\u00e9rentes cuves n\u00e9cessaires \u00e0 la r\u00e9alisation des diff\u00e9rents alcools dArmagnac. Et puis la derni\u00e8re \u00e9tape \u00e9tait forc\u00e9ment de devoir go\u00fbter tous ces bons produits dans la boutique labus dalcool est dangereux pour la sant\u00e9. On a pass\u00e9 un super moment et on vous conseille vraiment daller faire un tour l\u00e0-bas! <img decoding=\"async\" src=\"http:\/\/rwearguard.ga\/var\/manchenumerique\/storage\/images\/mediatheque\/image\/qui-sommes-nous\/equipe-mn-photos\/david-jourdan\/297018-3-fre-FR\/David-JOURDAN_lightbox.jpg\" alt=\"blog rencontre gers\" align=\"right\"> Etienne Beyrie, agriculteur dont la ferme a \u00e9t\u00e9 visit\u00e9e par le Premier ministre. Photo R\u00e9veil FM International Merci John.ici lest est d\u00e9gag\u00e9 lOuest est bouch\u00e9.aller matin\u00e9e \u00e0 la cabane.ca roucoule de partout d\u00e9j\u00e0.bonne journ\u00e9e. 05-10-18 S\u00e9ance en \u00e9toile avec le Festival Ind\u00e9pendances et Cr\u00e9ation: projection gratuite et en Avant-Premi\u00e8re de NOUS LES COYOTES, avec la pr\u00e9sence des r\u00e9alisateurs Hanna Ladoul et Marco La Via Rien doriginal, fils de paysans, mes parents avaient une ferme voisine. Ils y cultivaient des c\u00e9r\u00e9ales et m\u00eame du tabac! En conventionnel bien s\u00fbr. Le bio nexistait pas encore \u00e0 leur \u00e9poque. Jai tout naturellement repris la suite en 1982 en minstallant \u00e0 mon compte. Je suis pass\u00e9 en bio en 2010. <img decoding=\"async\" src=\"http:\/\/cdn.purple.fr\/547242ec504ea1de9ab90698793a3c8c\/static.purple.fr\/2018\/04\/INGExx2-1onlune-768x512.jpg\/480x343c\/INGExx2-1onlune-768x512.jpg\" alt=\"blog rencontre gers\" align=\"right\"> Bien \u00e0 vous et peut \u00eatre \u00e0 bient\u00f4t si vous venez au mois doctobre, ce sera avec grand plaisir. Notre conseill\u00e8re en s\u00e9jour vient \u00e0 votre rencontre avec lOffice de Tourisme Mobile, sur les march\u00e9s, au c\u0153ur des grands \u00e9v\u00e8nements ou dans votre camping! Elle vous aidera \u00e0 pr\u00e9parer votre journ\u00e9e avec les incontournables, d\u00e9nicher une activit\u00e9 pour les enfants, les bons restos et les sorties \u00e0 faire dans le Gers et m\u00eame un peu plus loin. Le Gouvernement travaille sur le sujet depuis le d\u00e9but de la crise, a r\u00e9pondu la ministre Jacqueline Gourault. Nous avons demand\u00e9 aux pr\u00e9fets daccorder des avances de la dotation globale de fonctionnement DGF pour soutenir la tr\u00e9sorerie des collectivit\u00e9s territoriales, mais seule une centaine dentre elles a eu recours \u00e0 ces facilit\u00e9s de caisse, signe que la situation reste soutenable pour la plupart. Jai demand\u00e9 aux pr\u00e9fets de mobiliser la dotation d\u00e9quipement des territoires ruraux DETR et la dotation de soutien \u00e0 linvestissement local DSIL avec souplesse pour relancer les travaux urgents. Installations et performances audiovisuelles \u00e0 19h30, dans le jardin de la Cerisaie rue Font\u00e9lie. Prix libre, bar et petite restauration sur place. \u00c0 perte de vue, des paysages vallonn\u00e9s de champs vert tendre. Une belle terre aux reflets dor\u00e9s, aplanie \u00e0 force de labour, des champs de bl\u00e9 fr\u00e9tillants sous la caresse du vent, lard\u00e9s de sillons rectilignes, couch\u00e9s sous les roues des tracteurs. Quelques fermes diss\u00e9min\u00e9es dans la campagne.<\/p>\n","protected":false},"excerpt":{"rendered":"<p>blog rencontre gers<\/p>\n","protected":false},"author":1,"featured_media":0,"comment_status":"closed","ping_status":"closed","sticky":false,"template":"","format":"standard","meta":{"footnotes":""},"categories":[1],"tags":[],"_links":{"self":[{"href":"https:\/\/dig-stuttgart.de\/info\/wp-json\/wp\/v2\/posts\/7412"}],"collection":[{"href":"https:\/\/dig-stuttgart.de\/info\/wp-json\/wp\/v2\/posts"}],"about":[{"href":"https:\/\/dig-stuttgart.de\/info\/wp-json\/wp\/v2\/types\/post"}],"author":[{"embeddable":true,"href":"https:\/\/dig-stuttgart.de\/info\/wp-json\/wp\/v2\/users\/1"}],"replies":[{"embeddable":true,"href":"https:\/\/dig-stuttgart.de\/info\/wp-json\/wp\/v2\/comments?post=7412"}],"version-history":[{"count":1,"href":"https:\/\/dig-stuttgart.de\/info\/wp-json\/wp\/v2\/posts\/7412\/revisions"}],"predecessor-version":[{"id":7413,"href":"https:\/\/dig-stuttgart.de\/info\/wp-json\/wp\/v2\/posts\/7412\/revisions\/7413"}],"wp:attachment":[{"href":"https:\/\/dig-stuttgart.de\/info\/wp-json\/wp\/v2\/media?parent=7412"}],"wp:term":[{"taxonomy":"category","embeddable":true,"href":"https:\/\/dig-stuttgart.de\/info\/wp-json\/wp\/v2\/categories?post=7412"},{"taxonomy":"post_tag","embeddable":true,"href":"https:\/\/dig-stuttgart.de\/info\/wp-json\/wp\/v2\/tags?post=7412"}],"curies":[{"name":"wp","href":"https:\/\/api.w.org\/{rel}","templated":true}]}}