{"id":7691,"date":"2020-07-07T06:39:51","date_gmt":"2020-07-07T06:39:51","guid":{"rendered":"http:\/\/dig-stuttgart.de\/info\/?p=7691"},"modified":"2020-06-28T13:44:12","modified_gmt":"2020-06-28T13:44:12","slug":"bar-rencontre-vincennes","status":"publish","type":"post","link":"https:\/\/dig-stuttgart.de\/info\/2020\/07\/07\/bar-rencontre-vincennes\/","title":{"rendered":"Bar Rencontre Vincennes"},"content":{"rendered":"<p><img decoding=\"async\" src=\"http:\/\/www.clg-zola-suresnes.ac-versailles.fr\/sites\/www.clg-zola-suresnes.ac-versailles.fr\/local\/cache-vignettes\/L600xH338\/181220124083_mod-36473.jpg\" alt=\"bar rencontre vincennes\" align=\"right\">  Et toujours dans le 18\u00e8me, la villa L\u00e9andres. Une voie f\u00e9\u00e9rique qui d\u00e9marre au 23 ter avenue Junot et se termine en impasse Bon voyage!   Au niveau de la d\u00e9coration, il est dans son jus, cocooning et chaleureux. Infos pratiques : La Station Services, 27, boulevard Rouget-de-lIsle, Montreuil 93. Ouvert tous les jours sauf le dimanche de 7h \u00e0 minuit T\u00e9l. : 01 48 51 57 94. Acc\u00e8s : Station Croix de Chavaux ou Mairie de Montreuil Ligne 9. Plus dinfos sur La Station Service Jean-Fabien Leclanche pour Enlarge your Paris Velove Montreuil Cest la premi\u00e8re sculpture r\u00e9alis\u00e9e par St\u00e9phane Beau en 2013. Dominique Garcia sera pr\u00e9sent au festival du livre de Marseille pour son livre. Inconv\u00e9nient : elle naime pas la d\u00e9co style Ladur\u00e9e, elle naime pas le champagne <img decoding=\"async\" src=\"http:\/\/association-revivre.fr\/wp-content\/uploads\/2016\/09\/Pique-nique.jpg\" alt=\"bar rencontre vincennes\" align=\"center\"> Pr\u00e9sentation du livre assortie dune rencontre-d\u00e9bat en pr\u00e9sence de lun des auteurs, Youri Lou Vertongen. Chaque ann\u00e9e Vincennes Hippodrome de Paris accueille les plus grandes courses du calendrier fran\u00e7ais 20 Groupe I et le Championnat du Monde avec le Prix dAm\u00e9rique Opodo. Nous vous remercions davoir s\u00e9journ\u00e9 au BEST WESTERN SAINT LOUIS et davoir partag\u00e9 vos commentaires sur le plus grand site de voyages au monde TripAdvisor. \u0e40\u0e1e\u0e08\u0e19\u0e35\u0e49\u0e2a\u0e23\u0e49\u0e32\u0e07\u0e02\u0e36\u0e49\u0e19\u0e42\u0e14\u0e22\u0e2d\u0e31\u0e15\u0e42\u0e19\u0e21\u0e31\u0e15\u0e34\u0e08\u0e32\u0e01\u0e04\u0e27\u0e32\u0e21\u0e2a\u0e19\u0e43\u0e08\u0e02\u0e2d\u0e07\u0e1c\u0e39\u0e49\u0e43\u0e0a\u0e49 Facebook \u0e41\u0e25\u0e30\u0e44\u0e21\u0e48\u0e44\u0e14\u0e49\u0e40\u0e01\u0e35\u0e48\u0e22\u0e27\u0e02\u0e49\u0e2d\u0e07\u0e01\u0e31\u0e1a\u0e2b\u0e23\u0e37\u0e2d\u0e44\u0e14\u0e49\u0e23\u0e31\u0e1a\u0e01\u0e32\u0e23\u0e23\u0e31\u0e1a\u0e23\u0e2d\u0e07\u0e08\u0e32\u0e01\u0e1c\u0e39\u0e49\u0e43\u0e14\u0e17\u0e35\u0e48\u0e21\u0e35\u0e04\u0e27\u0e32\u0e21\u0e2a\u0e31\u0e21\u0e1e\u0e31\u0e19\u0e18\u0e4c\u0e01\u0e31\u0e1a\u0e2b\u0e31\u0e27\u0e02\u0e49\u0e2d\u0e19\u0e35\u0e49 Retours sur : Rencontres Vincennes, 31 Mars 2017 En vous remerciant encore une fois pour cette belle contribution, Nous esp\u00e9rons vous revoir tr\u00e8s bient\u00f4t dans votre Best Western SAINT LOUIS L\u00e9volution constante des m\u00e9tiers et de lenvironnement r\u00e9glementaire rend n\u00e9cessaire une mise \u00e0 jour continue du contenu. Rencontre avec \u00c9ric Geerkens, Nicolas Hatzfeld, Isabelle Lespinet-Moret et Xavier Vigna, auteurs du livre. Le 23 novembre, on d\u00e9roge de nouveau \u00e0 la r\u00e8gle des r\u00e9unions matinales! Retrouvez-nous pour le 2e afterwork du BNI Deal \u00e0 la Zinguerie, dans le 11e arrondissement de Paris. Loccasion de parler business mais pas que autour dun <img decoding=\"async\" src=\"http:\/\/www.pariszigzag.fr\/wp-content\/uploads\/2014\/07\/cougarss-paris.jpg\" alt=\"bar rencontre vincennes\" align=\"center\">.<\/p>\n","protected":false},"excerpt":{"rendered":"<p>bar rencontre vincennes<\/p>\n","protected":false},"author":1,"featured_media":0,"comment_status":"closed","ping_status":"closed","sticky":false,"template":"","format":"standard","meta":{"footnotes":""},"categories":[1],"tags":[],"_links":{"self":[{"href":"https:\/\/dig-stuttgart.de\/info\/wp-json\/wp\/v2\/posts\/7691"}],"collection":[{"href":"https:\/\/dig-stuttgart.de\/info\/wp-json\/wp\/v2\/posts"}],"about":[{"href":"https:\/\/dig-stuttgart.de\/info\/wp-json\/wp\/v2\/types\/post"}],"author":[{"embeddable":true,"href":"https:\/\/dig-stuttgart.de\/info\/wp-json\/wp\/v2\/users\/1"}],"replies":[{"embeddable":true,"href":"https:\/\/dig-stuttgart.de\/info\/wp-json\/wp\/v2\/comments?post=7691"}],"version-history":[{"count":1,"href":"https:\/\/dig-stuttgart.de\/info\/wp-json\/wp\/v2\/posts\/7691\/revisions"}],"predecessor-version":[{"id":7692,"href":"https:\/\/dig-stuttgart.de\/info\/wp-json\/wp\/v2\/posts\/7691\/revisions\/7692"}],"wp:attachment":[{"href":"https:\/\/dig-stuttgart.de\/info\/wp-json\/wp\/v2\/media?parent=7691"}],"wp:term":[{"taxonomy":"category","embeddable":true,"href":"https:\/\/dig-stuttgart.de\/info\/wp-json\/wp\/v2\/categories?post=7691"},{"taxonomy":"post_tag","embeddable":true,"href":"https:\/\/dig-stuttgart.de\/info\/wp-json\/wp\/v2\/tags?post=7691"}],"curies":[{"name":"wp","href":"https:\/\/api.w.org\/{rel}","templated":true}]}}