{"id":7715,"date":"2020-07-07T06:02:29","date_gmt":"2020-07-07T06:02:29","guid":{"rendered":"http:\/\/dig-stuttgart.de\/info\/?p=7715"},"modified":"2020-06-28T14:00:10","modified_gmt":"2020-06-28T14:00:10","slug":"rencontre-de-petrarque-montpellier","status":"publish","type":"post","link":"https:\/\/dig-stuttgart.de\/info\/2020\/07\/07\/rencontre-de-petrarque-montpellier\/","title":{"rendered":"Rencontre De P\u00e9trarque Montpellier"},"content":{"rendered":"<p>Nous r\u00e9alisons des actions pour amener des changements positifs \u00e0 Montpellier, nos membres sont des citoyens \u00e2g\u00e9s de 18 \u00e0 40 ans et nous leur permettons de d\u00e9velopper leurs talents, leur esprit dentreprise et de solidarit\u00e9. <img decoding=\"async\" src=\"http:\/\/static.hitek.fr\/img\/products\/sony\/sony-xperia-z2\/sony-xperia-z2.jpg\" alt=\"rencontre de p\u00e9trarque montpellier\" align=\"right\"> Histoire de la renaissance des lettres en Europe au quinzi\u00e8me si\u00e8cle, Volume 1, par Jean-Pierre Charpentier, page 162 La Rectrice de lAcad\u00e9mie dOccitanie, Sophie B\u00c9JEAN, sexprime au micro de Radio Aviva sur les.. Info trafic et voyageurs 0 result for this filter SAV 0 result for this filter Promo 0 result for this filter Actualit\u00e9s 0 result for this filter Espace Presse 0 result for this filter Services voyageurs 0 result for this filter Services voyageurs pro 0 result for this filter Boutiques Bornes 0 result for this filter Cartes et tarifs 0 result for this filter Profil du groupe 0 result for this filter B2B et filiales 0 result for this filter Fournisseurs 0 result for this filter International 0 result for this filter au Centre Culturel Italien-25 rue Ste Ursule Montpellier; tram 14 Louis Blanc Suggestionsupplique \u00e0 Warner : r\u00e9\u00e9diter au plus vite ce double album de la merveilleuse Personne nest si ignorant au point de ne pas savoir quon doit mourir un jour ; voir Secretum I, 48 : nemo tam demens est cui non interdum conditio proprie fragilitatis occurrat ; qui non, si interrogetur, respondeat se esse mortalem et caducum habitare corpusculum ; personne nest si d\u00e9ment pour ne pas avoir parfois \u00e0 lesprit sa condition et sa propre fragilit\u00e9 ; pour, si on linterroge, ne pas r\u00e9pondre, quil est mortel et quil habite un tout petit corps qui va passer.  4 avril : Toulouse Rencontre citoyenne Mus\u00e9um? Intervention Une parole vive et assum\u00e9e : le th\u00e9\u00e2tre de la Commune, discussion avec F. Garcin-Marrou, colloque Des lieux pour penser Univ Paris IIIToulouse-Le Mirail  Les informations recueillies sont destin\u00e9es \u00e0 CCM Benchmark Group pour vous assurer lenvoi de votre newsletter. Vendredi 23 novembre 18 h au Gazette caf\u00e9 LItalie aujourdhui Samedi 30 mars \u00e0 17 h au Centre Culturel Italien 25 rue Sainte Ursule Conf\u00e9rence La destruction des villes historiques italiennes \u00e0 l\u00e8re n\u00e9olib\u00e9rale Roma, Firenze, Bologna Ilaria Agostini Univ. Di Bologna Daniel Bartement Univ. Paul Val\u00e9ry Entr\u00e9e libre adh., ext. 5 Pour information recueillie aupr\u00e8s des participants: <img decoding=\"async\" src=\"http:\/\/www.mattv.ca\/wp-content\/uploads\/2016\/06\/IMG_2630.jpg\" alt=\"rencontre de p\u00e9trarque montpellier\" align=\"center\">  Cest \u00e0 ce moment quil entra en relations dans son m\u00e9diocre h\u00f4tel avec une ling\u00e8re, Th\u00e9r\u00e8se Levasseur, qui avait ses parents \u00e0 sa charge et dont le maintien modeste et le doux regard le s\u00e9duisirent; elle avait vingt-deux ans. Rousseau lui d\u00e9clara d\u00e8s labord quil ne l\u00e9pouserait jamais mais quil ne labandonnerait jamais non plus. Il tint sa promesse et v\u00e9cut d\u00e9sormais avec cette femme sotte et born\u00e9e. Cependant, il avait termin\u00e9 son op\u00e9ra Les Muses galantes, qui fut repr\u00e9sent\u00e9 en pr\u00e9sence de Rameau chez M. De la Poplini\u00e8re. Il \u00e9crivit le r\u00e9citatif dun op\u00e9ra, Le Temple de la gloire, dont les paroles \u00e9taient de Voltaire et la musique de Rameau. Il devint secr\u00e9taire de Mme Dupin en m\u00eame temps que de son gendre, M. De Francueil, et passa l\u00e9t\u00e9 de 1747 \u00e0 Chenonceaux, propri\u00e9t\u00e9 de M Dupin. Publi\u00e9 le 11 juillet 2013 \u00e0 18h11-Mis \u00e0 jour le 12 juillet 2013 \u00e0 15h17 Du jeudi 3 septembre 2015 au samedi 5 septembre 2015 isi 10 JFNM DATA BASE La 10\u00e8me \u00e9dition des Rencontres darts num\u00e9riques disi aura lieu du jeudi 3 septembre au samedi 5 septembre 2015, \u00e0 la salle P\u00e9trarque \u00e0 Montpellier France. PROGRAMME INFOS.. On sait que le premier voyage du po\u00e8te dans ce lieu du silence et de la pri\u00e8re nous valut le De otio religiosorum, ce livre du repos des religieux \u00e9crit pour les Chartreux : Je suis venu, dit-il, dans le Paradis, jai vu les Anges de Dieu sur la terre.. De 16h00 \u00e0 16h30-Accueil pr\u00e9sentation de RADIO FM PLUS au public De dr\u00f4les de personnages, des bo\u00eetes d\u0153ufs, ils sont rigolos, je trouve Et ils peuvent Nous utilisons des cookies pour nous permettre de mieux comprendre comment le site est utilis\u00e9. En continuant \u00e0 utiliser ce site, vous acceptez cette politique. <img decoding=\"async\" src=\"http:\/\/s1.dmcdn.net\/gbQn.jpg\" alt=\"rencontre de p\u00e9trarque montpellier\" align=\"center\"> Les Rencontres de P\u00e9trarque : podcast et r\u00e9\u00e9coute sur France Culture Depuis le mois de juin, nous avons \u00e9t\u00e9 au bowling, \u00e0 une expo, au Gazette Caf\u00e9 et \u00e0 la Panac\u00e9e, jou\u00e9 \u00e0 des jeux de soci\u00e9t\u00e9, discut\u00e9 des plaisirs et d\u00e9plaisirs de la vie que procure lautisme, \u00e9chang\u00e9 sur le quotidien, particip\u00e9 \u00e0 des conf\u00e9rences.. Dans mon jeune \u00e2ge, jai lutt\u00e9 constamment contre une passion amoureuse d\u00e9bordante mais pure-mon seul amour, et jaurais lutt\u00e9 encore si la mort pr\u00e9matur\u00e9e, am\u00e8re mais salutaire pour moi, navait \u00e9teint les flammes de la passion. Jaimerais certainement pouvoir dire que jai toujours \u00e9t\u00e9 enti\u00e8rement libre des d\u00e9sirs de la chair mais je mentirais en le disant..<\/p>\n","protected":false},"excerpt":{"rendered":"<p>rencontre de p\u00e9trarque montpellier<\/p>\n","protected":false},"author":1,"featured_media":0,"comment_status":"closed","ping_status":"closed","sticky":false,"template":"","format":"standard","meta":{"footnotes":""},"categories":[1],"tags":[],"_links":{"self":[{"href":"https:\/\/dig-stuttgart.de\/info\/wp-json\/wp\/v2\/posts\/7715"}],"collection":[{"href":"https:\/\/dig-stuttgart.de\/info\/wp-json\/wp\/v2\/posts"}],"about":[{"href":"https:\/\/dig-stuttgart.de\/info\/wp-json\/wp\/v2\/types\/post"}],"author":[{"embeddable":true,"href":"https:\/\/dig-stuttgart.de\/info\/wp-json\/wp\/v2\/users\/1"}],"replies":[{"embeddable":true,"href":"https:\/\/dig-stuttgart.de\/info\/wp-json\/wp\/v2\/comments?post=7715"}],"version-history":[{"count":1,"href":"https:\/\/dig-stuttgart.de\/info\/wp-json\/wp\/v2\/posts\/7715\/revisions"}],"predecessor-version":[{"id":7716,"href":"https:\/\/dig-stuttgart.de\/info\/wp-json\/wp\/v2\/posts\/7715\/revisions\/7716"}],"wp:attachment":[{"href":"https:\/\/dig-stuttgart.de\/info\/wp-json\/wp\/v2\/media?parent=7715"}],"wp:term":[{"taxonomy":"category","embeddable":true,"href":"https:\/\/dig-stuttgart.de\/info\/wp-json\/wp\/v2\/categories?post=7715"},{"taxonomy":"post_tag","embeddable":true,"href":"https:\/\/dig-stuttgart.de\/info\/wp-json\/wp\/v2\/tags?post=7715"}],"curies":[{"name":"wp","href":"https:\/\/api.w.org\/{rel}","templated":true}]}}