{"id":7759,"date":"2020-07-07T23:00:32","date_gmt":"2020-07-07T23:00:32","guid":{"rendered":"http:\/\/dig-stuttgart.de\/info\/?p=7759"},"modified":"2020-06-28T14:32:34","modified_gmt":"2020-06-28T14:32:34","slug":"rencontre-des-amis-en-belgique","status":"publish","type":"post","link":"https:\/\/dig-stuttgart.de\/info\/2020\/07\/07\/rencontre-des-amis-en-belgique\/","title":{"rendered":"Rencontre Des Amis En Belgique"},"content":{"rendered":"<p>Effectue une activit\u00e9e ext\u00e9rieure et tu feras des connaissances, mais laisses ton naturel agir. Hook Ils se pr\u00e9parent maintenant pour le mariage religieux qui sera c\u00e9l\u00e9br\u00e9 le 22 ao\u00fbt prochain. Alors, ce guide Andr\u00e9 Dillien : une mine dhistoire. Humour Bienveillance Partage Simplicit\u00e9 Hello hello, Arriv\u00e9e il y a deux ans en Belgique fran\u00e7aise dorigine, ma vie est aujourdhui ici. En couple et.. Et si on plus il faut draguer pour pouvoir br on nest pas sorti de lauberge! \u03c6\u03c1\u03b5\u03bd\u03b1 \u03b1\u03c5\u03c4\u03bf\u03ba\u03b9\u03bd\u03b7\u03c4\u03c9\u03bd \u03b8\u03b5\u03c3\u03c3\u03b1\u03bb\u03bf\u03bd\u03b9\u03ba\u03b7 \u03c7\u03b1\u03bc\u03b7\u03bb\u03b7 \u03b1\u03c5\u03c4\u03bf\u03b5\u03ba\u03c4\u03b9\u03bc\u03b7\u03c3\u03b7 \u03ba\u03b1\u03b9 \u03c3\u03c7\u03b5\u03c3\u03b5\u03b9\u03c2 Je ne fais peut-\u00eatre pas le tour du monde, mais le tour de mes amis, oui!  La majorit\u00e9 des hommes c\u00e9libataires veulent a priori rencontrer des femmes plus jeunes queux. De 10 ans, la plupart du temps. R\u00e9sultat : les femmes ayant plus de 45 ans voient leurs possibilit\u00e9s de rencontre r\u00e9gresser. Et opter pour un homme de plus de 65 ans quand on en a 50, cela inclut un autre mode de vie \u00e0 moyen terme Argh. <img decoding=\"async\" src=\"http:\/\/revmikewilliams.org\/img\/54610b55515218848d1833d860a96b07.jpg\" alt=\"rencontre des amis en belgique\" align=\"center\"> Pas assez de r\u00e9sultats? afin dacc\u00e9der \u00e0 davantage dadresses. Trop cool. Javoue que je me suis d\u00e9j\u00e0 fais plein damies qui sont tr\u00e8s sympa. On me nomme Catherine mais tr\u00e8s souvent mes amies mappelle Cathy. Alors \u00e9tudiante en deuxi\u00e8me ann\u00e9e de licence en g\u00e9ologie mini\u00e8re, je veux correspondre avec le monde entier sans distinction de sexe,de race ou dage mais de pr\u00e9f\u00e9rence avec de bonne intention. Gros bisou \u00e0 vous tous. Loovo est remplie des scams de toute sorte mais oui les nigeriens et cote divoire il faut survivre dune fa\u00e7on ou de lautre est tinder ce l accalmie totale&#8230;la seule appli a voir avec pr\u00e9cautions ce Happn&#8230;  Les voyages mont appris \u00e0 devenir beaucoup plus ouvert et sociable dans la vie de tous les jours et \u00e0 aller naturellement vers les autres. Jai pu gr\u00e2ce \u00e0 \u00e7a rencontrer des tas de personnes formidables et vivre des situations totalement inattendues. Certaines de ces rencontres se sont m\u00eame transform\u00e9es en amiti\u00e9s durables. Chercher une femme travers le monde pour lametie \u00e2ge entre 30 a 65 ans Post\u00e9 le Vendredi 27 Septembre 2019 \u00e0 15h17 par kany <img decoding=\"async\" src=\"http:\/\/www.candyneige.com\/candydvdbox.gif\" alt=\"rencontre des amis en belgique\" align=\"left\"> Notre Service Client vous accompagne tout au long de vos recherches. Nh\u00e9sitez pas \u00e0 nous envoyer un message si vous avez la moindre question, nous vous r\u00e9pondrons dans les meilleurs d\u00e9lais. Bonjour c est un bon plan, j aimerais correspondre avec fran\u00e7ais e, belge, italien pour relation amicale et de bonne intention \u00e2g\u00e9 de 27 \u00e0 47ans mon email est merci de me contacter. Une femme slave plaisante. Je suis honn\u00eate, gentille, parfois impulsive. Jai trois filles. Je vis dans une petite ville mais je travaille dans le tourisme et jai la capacit\u00e9 de voyager, de connaitre dautres pays. Jaime le.. Bonjour je suis birane au s\u00e9n\u00e9gal je suis \u00e0 la recherche dune ami femme blanche ou noire mon numero Whatsapp 00221777435597 Cest quand vous voulez! Cest toujours un plaisir! Conseils : \u00e9crire en japonais, parler de votre voyage si vous en avez pr\u00e9vu un, ne pas raconter toute votre vie en un message simplement votre \u00e2ge, o\u00f9 vous habitez et pourquoi vous cherchez des amis japonais et surtout laisser un lien vers votre Facebook etou votre adresse e-mail. Salut tout le monde,suis un jeune homme togolais desirant nouer des relation avec qui que se soit.0022898191561,merci de mecrire Je suis une femme dUkraine cultiv\u00e9e, intelligente, polie. Je suis facile \u00e0 vivre, jaime plaisanter, jai une nature cr\u00e9ative, sensible, compr\u00e9hensive. Je suis \u00e0 la recherche de mon destin. Je parle anglais couramment et je.. Les r\u00e9seaux sociaux peuvent aussi cr\u00e9er des amiti\u00e9s <img decoding=\"async\" src=\"http:\/\/www.puortaldovt.cf\/cache\/avatars\/193714_1519668633_fr.png\" alt=\"rencontre des amis en belgique\" align=\"center\"> Jai envie de bon, ben, cest comme hier, m\u00eame temps, m\u00eames connect\u00e9s, la journ\u00e9e va passer idem, ainsi va la vie, bonne journ\u00e9e \u00e0 tous  Jemm\u00e9nage \u00e0 Londres le mois prochain, javoue que le stress commence \u00e0 monter ahah! La petite belge que je suis va surement se sentir perdue au d\u00e9but!<\/p>\n","protected":false},"excerpt":{"rendered":"<p>rencontre des amis en belgique<\/p>\n","protected":false},"author":1,"featured_media":0,"comment_status":"closed","ping_status":"closed","sticky":false,"template":"","format":"standard","meta":{"footnotes":""},"categories":[1],"tags":[],"_links":{"self":[{"href":"https:\/\/dig-stuttgart.de\/info\/wp-json\/wp\/v2\/posts\/7759"}],"collection":[{"href":"https:\/\/dig-stuttgart.de\/info\/wp-json\/wp\/v2\/posts"}],"about":[{"href":"https:\/\/dig-stuttgart.de\/info\/wp-json\/wp\/v2\/types\/post"}],"author":[{"embeddable":true,"href":"https:\/\/dig-stuttgart.de\/info\/wp-json\/wp\/v2\/users\/1"}],"replies":[{"embeddable":true,"href":"https:\/\/dig-stuttgart.de\/info\/wp-json\/wp\/v2\/comments?post=7759"}],"version-history":[{"count":1,"href":"https:\/\/dig-stuttgart.de\/info\/wp-json\/wp\/v2\/posts\/7759\/revisions"}],"predecessor-version":[{"id":7760,"href":"https:\/\/dig-stuttgart.de\/info\/wp-json\/wp\/v2\/posts\/7759\/revisions\/7760"}],"wp:attachment":[{"href":"https:\/\/dig-stuttgart.de\/info\/wp-json\/wp\/v2\/media?parent=7759"}],"wp:term":[{"taxonomy":"category","embeddable":true,"href":"https:\/\/dig-stuttgart.de\/info\/wp-json\/wp\/v2\/categories?post=7759"},{"taxonomy":"post_tag","embeddable":true,"href":"https:\/\/dig-stuttgart.de\/info\/wp-json\/wp\/v2\/tags?post=7759"}],"curies":[{"name":"wp","href":"https:\/\/api.w.org\/{rel}","templated":true}]}}