{"id":7879,"date":"2020-07-08T01:31:12","date_gmt":"2020-07-08T01:31:12","guid":{"rendered":"http:\/\/dig-stuttgart.de\/info\/?p=7879"},"modified":"2020-06-28T15:37:47","modified_gmt":"2020-06-28T15:37:47","slug":"je-cherche-une-rencontre-amoureuse","status":"publish","type":"post","link":"https:\/\/dig-stuttgart.de\/info\/2020\/07\/08\/je-cherche-une-rencontre-amoureuse\/","title":{"rendered":"Je Cherche Une Rencontre Amoureuse"},"content":{"rendered":"<p>Cest chouette en tout cas que tu aies rencontr\u00e9 quelquun gr\u00e2ce \u00e0 lappli! Je vous souhaite beaucoup de bonheur! : Ah mais clairement, si j\u00e9tais actuellement c\u00e9libataire, je crois que \u00e7a serait vraiment compliqu\u00e9! Et dailleurs, je me dis que si un jour je redeviens c\u00e9libataire, \u00e7a sera jusqu\u00e0 la fin de ma vie! <img decoding=\"async\" src=\"http:\/\/lesbellespersonnesdotcom.files.wordpress.com\/2013\/08\/img_6496.jpg\" alt=\"je cherche une rencontre amoureuse\" align=\"right\"> Comment, aujourdhui, peut-on contester lh\u00e9g\u00e9monie du capitalisme tout en restant constructif? Cest un exercice discursif complexe auquel Joseph Stiglitz.. Des histoires comme \u00e7a, Anastasia Beschi, 30 ans, en conna\u00eet quelques-unes. La jeune femme, fondatrice dune agence de rencontre pour c\u00e9libataires exceptionnels et sophistiqu\u00e9s \u00e0 Luxembourg, insiste sur leffet d\u00e9complexant des vacances : En \u00e9t\u00e9, les gens se d\u00e9tendent. Ils nont pas peur d\u00eatre jug\u00e9s, ils se l\u00e2chent. Ils oublient les codes que la soci\u00e9t\u00e9 impose, ils se d\u00e9sint\u00e9ressent du niveau de vie des autres. En vacances, on peut tomber amoureux de tout le monde. Pour autant, la cheffe dentreprise ne promet pas que lamour survivra \u00e0 la rentr\u00e9e. Dabord, il y a la distance. Puis le naturel est chass\u00e9 par les codes de la soci\u00e9t\u00e9 et limage que lon renvoie peut changer aux yeux de lautre. Je suis heureuse davoir trouv\u00e9 se site,je le trouve tr\u00e8s sympa.  <img decoding=\"async\" src=\"http:\/\/www.news-people.fr\/galerie\/413372\/8_hd.jpg\" alt=\"je cherche une rencontre amoureuse\" align=\"right\"> Vous h\u00e9sitez \u00e0 vous lancer? Invitez jusqu\u00e0 3 de vos amis \u00e0 venir avec vous!  retour en haut Attention! Le JavaScript est d\u00e9sactiv\u00e9 sur votre navigateur, ce qui emp\u00eache le site de fonctionner normalement Lettre \u00e0 du 19 juillet, cit\u00e9 in Bonnet, p XLIV. <img decoding=\"async\" src=\"http:\/\/www.leparisien.fr\/images\/2018\/08\/01\/9f808f8e-919b-11e8-b055-1b6e41247303_1.jpg\" alt=\"je cherche une rencontre amoureuse\" align=\"center\"> Annonce : Nord-Africain, instruit et cultiv\u00e9, 66 ans, libre de tout engagement, souhaite conna\u00eetre une femme profil pour relation durable. Je suis quelquun de particulier, un peu comme tout le monde quoi.. Quand le confinement devient synonyme de rencontres amoureuses Bonsoir je recherche un homme entre 39 \u00e0 44 ans je M appel saki j ai 39 ans \u00e7a fais 10 ans que je recherche le grand amour et plus appr\u00eat j ai un petit endicappe Si vous lappelez, vous vous rendrez compte que son premier contact est extr\u00eamement rassurant, il apprend \u00e0 vous conna\u00eetre avant de vous proposer le moindre rendez-vous. Jai pris la d\u00e9cision de suivre ses conseils avec une formule de 4 s\u00e9ances de coaching. ;script scriptvar WPPImageObserver null; Trouver lamour et commencer une nouvelle relation apr\u00e8s 60 ans est de plus en plus courant en France. Une fa\u00e7on de savourer la retraite \u00e0 pleines dents, avec un complice pour partager son quotidien. Comment d\u00e9marrer une nouvelle relation romantique apr\u00e8s 60 ans? Comment trouver le partenaire id\u00e9al? Cap Retraite vous dit tout! .<\/p>\n","protected":false},"excerpt":{"rendered":"<p>je cherche une rencontre amoureuse<\/p>\n","protected":false},"author":1,"featured_media":0,"comment_status":"closed","ping_status":"closed","sticky":false,"template":"","format":"standard","meta":{"footnotes":""},"categories":[1],"tags":[],"_links":{"self":[{"href":"https:\/\/dig-stuttgart.de\/info\/wp-json\/wp\/v2\/posts\/7879"}],"collection":[{"href":"https:\/\/dig-stuttgart.de\/info\/wp-json\/wp\/v2\/posts"}],"about":[{"href":"https:\/\/dig-stuttgart.de\/info\/wp-json\/wp\/v2\/types\/post"}],"author":[{"embeddable":true,"href":"https:\/\/dig-stuttgart.de\/info\/wp-json\/wp\/v2\/users\/1"}],"replies":[{"embeddable":true,"href":"https:\/\/dig-stuttgart.de\/info\/wp-json\/wp\/v2\/comments?post=7879"}],"version-history":[{"count":1,"href":"https:\/\/dig-stuttgart.de\/info\/wp-json\/wp\/v2\/posts\/7879\/revisions"}],"predecessor-version":[{"id":7880,"href":"https:\/\/dig-stuttgart.de\/info\/wp-json\/wp\/v2\/posts\/7879\/revisions\/7880"}],"wp:attachment":[{"href":"https:\/\/dig-stuttgart.de\/info\/wp-json\/wp\/v2\/media?parent=7879"}],"wp:term":[{"taxonomy":"category","embeddable":true,"href":"https:\/\/dig-stuttgart.de\/info\/wp-json\/wp\/v2\/categories?post=7879"},{"taxonomy":"post_tag","embeddable":true,"href":"https:\/\/dig-stuttgart.de\/info\/wp-json\/wp\/v2\/tags?post=7879"}],"curies":[{"name":"wp","href":"https:\/\/api.w.org\/{rel}","templated":true}]}}