{"id":7891,"date":"2020-07-08T03:17:08","date_gmt":"2020-07-08T03:17:08","guid":{"rendered":"http:\/\/dig-stuttgart.de\/info\/?p=7891"},"modified":"2020-06-28T15:45:49","modified_gmt":"2020-06-28T15:45:49","slug":"centre-international-de-rencontres-culturelles","status":"publish","type":"post","link":"https:\/\/dig-stuttgart.de\/info\/2020\/07\/08\/centre-international-de-rencontres-culturelles\/","title":{"rendered":"Centre International De Rencontres Culturelles"},"content":{"rendered":"<p><img decoding=\"async\" src=\"http:\/\/www.ulasickle.com\/medias\/reduced_1\/projects\/EP_press_image__2_.jpg\" alt=\"centre international de rencontres culturelles\" align=\"right\"> Le Centre International de S\u00e9jour La Moun\u00e8de Tourisme Occitanie Pro Lobjectif est de permettre le d\u00e9veloppement de la cr\u00e9ation chor\u00e9graphique sous toutes ses formes et sa pr\u00e9sentation aupr\u00e8s de publics.. Vitry-sur-seine 94400 LEXPOSITION \u00c9V\u00c9NEMENT DE LINSTITUT DU MONDE ARABE <img decoding=\"async\" src=\"http:\/\/www.irma.asso.fr\/pub\/09.2018_mama.jpg\" alt=\"centre international de rencontres culturelles\" align=\"center\"> L\u0153uvre du premier laur\u00e9at sera r\u00e9f\u00e9renc\u00e9e au sein de la Vid\u00e9oth\u00e8que de Numeridanse. Jury r\u00e9gional 2020 La librairie de la Corderie Royale ouvre \u00e0 partir du 15 mai de 11h \u00e0 12h30 et de 14h30 \u00e0 18h, sauf les mardis et jeudis En p\u00e9riode de confinement nous vous proposons de laisser libre cours \u00e0 votre imagination!  En raison du contexte sanitaire actuel et \u00e0 linstar de nombreuses autres structures artistiques et Centre de Recherche et dInnovation Artistique et Culturelle du monde du travail Vous \u00eates ici : Centre international pour les th\u00e9\u00e2tres itin\u00e9rants CITI Le mus\u00e9e du vitrail, install\u00e9 au Cellier de Lo\u00ebns, pr\u00e9sente une collection unique de vitraux originaux de l\u00e9poque de la Renaissance. Les vitraux des artistes contemporains sont expos\u00e9s dans lune des salles gothiques les plus remarquables de France, \u00e9difice du XIIIe si\u00e8cle, class\u00e9 Monument Historique. Des visites th\u00e9matiques proposent de faire conna\u00eetre aux groupes, de fa\u00e7on vivante et concr\u00e8te, les vitraux de la cath\u00e9drale de Chartres, les m\u00e9tiers, les \u00e9coles, les ma\u00eetres de lart du vitrail traditionnel et actuel. Chaque participant est invit\u00e9 \u00e0 apporter sa contribution sous forme de plats, boissons, musiques ou chansons.. Elles sont loccasion pour le public de d\u00e9couvrir le talent des artistes amateurs et professionnels qui sy produisent, enfants comme adultes, de toutes cultures et de toutes provenances. <img decoding=\"async\" src=\"http:\/\/portail.universita.corsica\/stockage_public\/portail\/baaaatfb\/images\/culture\/ateliers.jpg\" alt=\"centre international de rencontres culturelles\" align=\"center\"> C\u00e9dric Delaplace, Direction des Relations Internationales et de la Coop\u00e9ration Sexprimer sans tabou, \u00e9changer, d\u00e9battre et revoir ses pr\u00e9jug\u00e9s  T\u00e9l. 04 93 29 37 97 Cette adresse e-mail est prot\u00e9g\u00e9e contre les robots spammeurs. Vous devez activer le JavaScript pour la visualiser. Industries culturelles et cr\u00e9atives \u00e0 l\u00e8re du num\u00e9rique Ses sources sont diverses allant de manuels scolaires aux \u00e9crits scientifiques en passant par des ouvrages sp\u00e9cialis\u00e9s sur le cin\u00e9ma ou des publicit\u00e9s. En se r\u00e9appropriant ces supports, il d\u00e9place et questionne le champ du r\u00e9el dans un monde devenu tout image. Logos : Aulnay-sous-Bois, th\u00e9\u00e2tre et cin\u00e9ma Jacques Pr\u00e9vert, CRD Conservatoire de musique et de danse \u00e0 rayonnement d\u00e9partemental-Aulnay-sous-Bois Accompagn\u00e9 de Julien Asencio claviers, J\u00e9r\u00f4me Dufour saxophones, B\u00e9nilde Foko basse, S\u00e9ga Seck Batterie et Fr\u00e9d\u00e9ric Tari Violon, Fethi Tabet se produira le dimanche 6 ao\u00fbt \u00e0 21h30 dans le cadre du. Augmenter la taille du texte Diminuer la taille du texte R\u00e9tablir la taille du texte Cest sur lancienne distillerie Garnier que se tient actuellement le Centre des arts dEnghien. Ferm\u00e9 pour v\u00e9tust\u00e9, le hall.. Enghien les Bains 95880  Retrouvez la synth\u00e8se de la rencontre en cliquant sur limage.<\/p>\n","protected":false},"excerpt":{"rendered":"<p>centre international de rencontres culturelles<\/p>\n","protected":false},"author":1,"featured_media":0,"comment_status":"closed","ping_status":"closed","sticky":false,"template":"","format":"standard","meta":{"footnotes":""},"categories":[1],"tags":[],"_links":{"self":[{"href":"https:\/\/dig-stuttgart.de\/info\/wp-json\/wp\/v2\/posts\/7891"}],"collection":[{"href":"https:\/\/dig-stuttgart.de\/info\/wp-json\/wp\/v2\/posts"}],"about":[{"href":"https:\/\/dig-stuttgart.de\/info\/wp-json\/wp\/v2\/types\/post"}],"author":[{"embeddable":true,"href":"https:\/\/dig-stuttgart.de\/info\/wp-json\/wp\/v2\/users\/1"}],"replies":[{"embeddable":true,"href":"https:\/\/dig-stuttgart.de\/info\/wp-json\/wp\/v2\/comments?post=7891"}],"version-history":[{"count":1,"href":"https:\/\/dig-stuttgart.de\/info\/wp-json\/wp\/v2\/posts\/7891\/revisions"}],"predecessor-version":[{"id":7892,"href":"https:\/\/dig-stuttgart.de\/info\/wp-json\/wp\/v2\/posts\/7891\/revisions\/7892"}],"wp:attachment":[{"href":"https:\/\/dig-stuttgart.de\/info\/wp-json\/wp\/v2\/media?parent=7891"}],"wp:term":[{"taxonomy":"category","embeddable":true,"href":"https:\/\/dig-stuttgart.de\/info\/wp-json\/wp\/v2\/categories?post=7891"},{"taxonomy":"post_tag","embeddable":true,"href":"https:\/\/dig-stuttgart.de\/info\/wp-json\/wp\/v2\/tags?post=7891"}],"curies":[{"name":"wp","href":"https:\/\/api.w.org\/{rel}","templated":true}]}}