{"id":7929,"date":"2020-07-08T21:14:46","date_gmt":"2020-07-08T21:14:46","guid":{"rendered":"http:\/\/dig-stuttgart.de\/info\/?p=7929"},"modified":"2020-06-28T16:04:36","modified_gmt":"2020-06-28T16:04:36","slug":"jurisprudence-zone-de-rencontre","status":"publish","type":"post","link":"https:\/\/dig-stuttgart.de\/info\/2020\/07\/08\/jurisprudence-zone-de-rencontre\/","title":{"rendered":"Jurisprudence Zone De Rencontre"},"content":{"rendered":"<p>Du 18-10-2016 relative aux missions des formateurs des premier et second degr\u00e9s Or, cette disposition a \u00e9t\u00e9 annul\u00e9e par le conseil d\u00c9tat dans son arr\u00eat du 23 mars 2016 n. Les dispositions imp\u00e9ratives de la circulaire m\u00e9connaissent la limite dune heure fix\u00e9e par le d\u00e9cret statutaire de ces enseignants et doivent donc \u00eatre annul\u00e9es. Telle est la d\u00e9cision prise par le Conseil d\u00c9tat dans son arr\u00eat du 23 mars 2016. <img decoding=\"async\" src=\"http:\/\/www.duschdrakperiet.cf\/13064-home_default\/coque-iphone-5c-mademoiselle-catastrophe.jpg\" alt=\"jurisprudence zone de rencontre\" align=\"center\"> Le Pr\u00e9fet de Guyane a act\u00e9 la mise en oeuvre du bouclier Stop Covid-19 et la mise en place  du 28-3-2017 relative aux missions des professeurs documentalistes samedi 21 mars 2020 date interm\u00e9diaire envisageable  Cest aussi une occasion de cr\u00e9er du lien social par des \u00e9changes entre personnes dans ces espaces de repos et de convivialit\u00e9. Un domicile, pas plus que la jurisprudence de la Cour. La question La seconde action collective est une action en reconnaissance de droits. Elle permet \u00e0 une association r\u00e9guli\u00e8rement d\u00e9clar\u00e9e ou \u00e0 un syndicat professionnel r\u00e9guli\u00e8rement constitu\u00e9 de d\u00e9poser une requ\u00eate tendant \u00e0 la reconnaissance de droits individuels r\u00e9sultant de lapplication de la loi ou du r\u00e8glement en faveur dun groupe ind\u00e9termin\u00e9 de personnes ayant le m\u00eame int\u00e9r\u00eat, \u00e0 la condition que leur objet statutaire comporte la d\u00e9fense dudit int\u00e9r\u00eat. Il sagit donc dune exception notable \u00e0 la jurisprudence Syndicat des patrons coiffeurs de Limoges pr\u00e9c. Cette action peut poursuivre trois finalit\u00e9s diff\u00e9rentes vis\u00e9es par larticle L. 77-12-1 CJA. Elle permet, tout dabord de d\u00e9poser une requ\u00eate tendant \u00e0 la reconnaissance de droits individuels r\u00e9sultant de lapplication de la loi ou du r\u00e8glement en faveur dun groupe ind\u00e9termin\u00e9 de personnes ayant le m\u00eame int\u00e9r\u00eat, \u00e0 la condition que leur objet statutaire comporte la d\u00e9fense dudit int\u00e9r\u00eat. En revanche, cette action ne peut tendre \u00e0 la reconnaissance dun pr\u00e9judice, ce qui est le terrain d\u00e9lection de laction de groupe. Toutefois, laction en reconnaissance de droits peut aussi tendre au b\u00e9n\u00e9fice dune somme dargent l\u00e9galement due, ainsi qu\u00e0 la d\u00e9charge dune somme dargent ill\u00e9galement r\u00e9clam\u00e9e. III-Condition relative aux d\u00e9lais Error The website encountered an unexpected error. Please try again later. Il faut interdire la pr\u00e9sence de sources de chaleur ou de flammes chalumeaux, groupe \u00e9lectrog\u00e8ne, gaz d\u00e9chappement \u00e0 proximit\u00e9 imm\u00e9diate douvrages gaz notamment PE ou plomb. En cas de n\u00e9cessit\u00e9 absolue, il faut prot\u00e9ger la conduite par un \u00e9cran isolant et incombustible, de dimension suffisante.  <img decoding=\"async\" src=\"http:\/\/www.slate.com\/content\/dam\/slate\/articles\/news_and_politics\/jurisprudence\/2017\/09\/what_robert_mueller_has_on_paul_manafort_could_be_the_key_line_of_the_russia\/Cleveland-Prepares-For-Upcoming-Republican-National-Convention.jpeg.CROP.promo-xlarge2.jpeg\" alt=\"jurisprudence zone de rencontre\" align=\"left\">, sur le site de la l consult\u00e9 le 30 mars 2015. La libert\u00e9 de lemployeur de modifier le contrat de travail <img decoding=\"async\" src=\"http:\/\/sppcsf.com\/wp-content\/uploads\/2015\/09\/Jurisprudence.jpg\" alt=\"jurisprudence zone de rencontre\" align=\"left\"> La solution aurait \u00e9t\u00e9 toute autre sil avait \u00e9t\u00e9 question dune extension se trouvant dans la bande de cent m\u00e8tres. Enfin, les ABF sont les chefs de service des Unit\u00e9s d\u00e9partementales de larchitecture et du patrimoine UDAP, ex STAP. Chaque d\u00e9partement poss\u00e8de une UDAP d\u00e9pendant de la DRAC Direction R\u00e9gionale des Affaires Culturelles. Quelle est la valeur de lavis lABF? ET AUX MOTIFS ADOPT\u00c9S QUE, sur le moyen tir\u00e9 de la prescription de laction, en application de larticle L. 431-2 du Code de la s\u00e9curit\u00e9 sociale, en cas daccident susceptible dentra\u00eener la reconnaissance de la faute inexcusable de lemployeur ou de ceux quil sest substitu\u00e9s dans la direction, la prescription biennale opposable aux demandes dindemnisation compl\u00e9mentaire est interrompue par lexercice de laction p\u00e9nale engag\u00e9e pour les m\u00eames faits ; quen lesp\u00e8ce, sagissant dun accident de travail survenu le 11 07. 2006, il est relev\u00e9 que le Tribunal correctionnel de Melun a statu\u00e9 par jugement du 16 04. 2008 d\u00e9clarant coupable la soci\u00e9t\u00e9 Y..de blessures involontaires caus\u00e9es \u00e0 M. Orhan K., ce qui a eu pour effet de faire courir un nouveau d\u00e9lai de 2 ans \u00e0 compter de cette date ; quen cons\u00e9quence, le recours introduit devant le TASS de Melun le 08 12. 2009 ne saurait \u00eatre regard\u00e9 comme prescrit ; que, sur le moyen tir\u00e9 de lirrecevabilit\u00e9 de laction contre lentreprise utilisatrice, la mise en cause de la soci\u00e9t\u00e9 K.. Ayant \u00e9t\u00e9 effectu\u00e9e au cours de la proc\u00e9dure devant le TASS, convoqu\u00e9e par lettre recommand\u00e9e avec accus\u00e9 de r\u00e9ception \u00e0 laudience du 08 11. 2011 \u00e0 la diligence du secr\u00e9tariat du Tribunal, le courrier ayant \u00e9t\u00e9 retourn\u00e9 avec la mention destinataire non identifiable ; quainsi, la soci\u00e9t\u00e9 K.. Ayant \u00e9t\u00e9 attraite dans la cause et la juridiction \u00e9tant en mesure de statuer par jugement r\u00e9put\u00e9 contradictoire \u00e0 l\u00e9gard des d\u00e9fendeurs en application de larticle 474 du Code de proc\u00e9dure civile, le moyen tir\u00e9 de lirrecevabilit\u00e9 de laction sera rejet\u00e9 ; Alternat avec piquets K10 en agglom\u00e9ration-format : PDF-0,09 Mb La pose de lentr\u00e9e principale et de sa grande porte a \u00e9t\u00e9 effectu\u00e9e la deuxi\u00e8me quinzaine de mai Un salari\u00e9 int\u00e9rimaire est mis \u00e0 disposition par son entreprise de travail temporaire pour une mission du 5 au 23 septembre 2005, en qualit\u00e9 de soudeur, la p\u00e9riode dessai \u00e9tant fix\u00e9e \u00e0 deux jours, soit jusquau 7 septembre 2005.<\/p>\n","protected":false},"excerpt":{"rendered":"<p>jurisprudence zone de rencontre<\/p>\n","protected":false},"author":1,"featured_media":0,"comment_status":"closed","ping_status":"closed","sticky":false,"template":"","format":"standard","meta":{"footnotes":""},"categories":[1],"tags":[],"_links":{"self":[{"href":"https:\/\/dig-stuttgart.de\/info\/wp-json\/wp\/v2\/posts\/7929"}],"collection":[{"href":"https:\/\/dig-stuttgart.de\/info\/wp-json\/wp\/v2\/posts"}],"about":[{"href":"https:\/\/dig-stuttgart.de\/info\/wp-json\/wp\/v2\/types\/post"}],"author":[{"embeddable":true,"href":"https:\/\/dig-stuttgart.de\/info\/wp-json\/wp\/v2\/users\/1"}],"replies":[{"embeddable":true,"href":"https:\/\/dig-stuttgart.de\/info\/wp-json\/wp\/v2\/comments?post=7929"}],"version-history":[{"count":1,"href":"https:\/\/dig-stuttgart.de\/info\/wp-json\/wp\/v2\/posts\/7929\/revisions"}],"predecessor-version":[{"id":7930,"href":"https:\/\/dig-stuttgart.de\/info\/wp-json\/wp\/v2\/posts\/7929\/revisions\/7930"}],"wp:attachment":[{"href":"https:\/\/dig-stuttgart.de\/info\/wp-json\/wp\/v2\/media?parent=7929"}],"wp:term":[{"taxonomy":"category","embeddable":true,"href":"https:\/\/dig-stuttgart.de\/info\/wp-json\/wp\/v2\/categories?post=7929"},{"taxonomy":"post_tag","embeddable":true,"href":"https:\/\/dig-stuttgart.de\/info\/wp-json\/wp\/v2\/tags?post=7929"}],"curies":[{"name":"wp","href":"https:\/\/api.w.org\/{rel}","templated":true}]}}