{"id":7935,"date":"2020-07-08T10:34:11","date_gmt":"2020-07-08T10:34:11","guid":{"rendered":"http:\/\/dig-stuttgart.de\/info\/?p=7935"},"modified":"2020-06-28T16:07:01","modified_gmt":"2020-06-28T16:07:01","slug":"rencontre-avec-femmes-cotonou","status":"publish","type":"post","link":"https:\/\/dig-stuttgart.de\/info\/2020\/07\/08\/rencontre-avec-femmes-cotonou\/","title":{"rendered":"Rencontre Avec Femmes Cotonou"},"content":{"rendered":"<p>Au XIX e si\u00e8cle, les sont les premi\u00e8res \u00e0 se soumettre d\u00e9lib\u00e9r\u00e9ment \u00e0 un v\u00e9ritable entra\u00eenement : \u00e9chauffement matinal, course \u00e0 pied,, s\u00e9ances de tir, descrime, de lutte, parfois en pr\u00e9sence du roi. Lors des parades de larm\u00e9e dahom\u00e9enne \u00e0, elles suscitent l\u00e9tonnement, ladmiration, voire la crainte des spectateurs. Entretien avec Monsieur Toussaint NDjonoufa et Monsieur Dietmar H\u00f6nle de lONG Intact.  Je veux vivre et je cherche \u00e0 cr\u00e9er de la valeur aux autres C\u00e9l\u00e9bration du 08 mars par le personnel f\u00e9minin de la police r\u00e9publicaine, Police r\u00e9publicaine, R\u00e9publique du B\u00e9nin <img decoding=\"async\" src=\"http:\/\/www.journaldebangui.com\/images\/articles\/26\/1374146240308.jpg\" alt=\"rencontre avec femmes cotonou\" align=\"left\"> 10Dans les ann\u00e9es 1960-1970, les trois Etats ont cherch\u00e9 \u00e0 couvrir leur territoire national en prolongeant vers les fronti\u00e8res les axes routiers. Ce nest que tardivement, avec la mise en \u0153uvre de la CEDEAO, quest apparue la volont\u00e9 d\u00e9difier un r\u00e9seau dinfrastructures joignant les pays les uns aux autres. La lenteur avec laquelle les connexions entre Mali, Mauritanie et S\u00e9n\u00e9gal ont \u00e9t\u00e9 r\u00e9alis\u00e9es traduit la difficult\u00e9 \u00e0 mettre en place des projets transnationaux. Entre le S\u00e9n\u00e9gal et le Mali, les routes se dirigeant vers la fronti\u00e8re nont \u00e9t\u00e9 bitum\u00e9es quen 1999 c\u00f4t\u00e9 s\u00e9n\u00e9galais et 2006 c\u00f4t\u00e9 malien. Il en va de m\u00eame entre le Mali et la Mauritanie, avec louverture en 2007 de laxe Nioro-du-SahelA\u00efoun-el-Atrouss. Entre le S\u00e9n\u00e9gal et la Mauritanie, en dehors du barrage de Diama, aucun pont nenjambe le fleuve S\u00e9n\u00e9gal. En revanche, des deux c\u00f4t\u00e9s, laxe bitum\u00e9 se dirigeant vers la fronti\u00e8re date de plus de quarante ans carte 2. To benefit from the youth rate, the passenger must travel with an Air France Youth Pass that is valid on the travel date. Pour obtenir de laide, veuillez nous contacter au 800 982-9337 La Guesthouse aime \u00eatre ce lieu de rencontre et de partage! Nous comptons sur vous! Quelle permanence et quelle \u00e9rosion dans les pratiques des chants et musiques vaudoun, des ann\u00e9es 1950 \u00e0 nos jours? Pour y r\u00e9pondre, rencontre avec Madeleine Leclair, conservatrice et responsable du d\u00e9partement Ethnomusicologie du. Cest \u00e0 ses d\u00e9buts de jeune chercheuse quelle d\u00e9cide de marcher sur les pas du pionnier Gilbert Rouget, grand ethnomusicologue, sp\u00e9cialiste du B\u00e9nin et directeur du d\u00e9partement dethnomusicologie du Mus\u00e9e de lHomme \u00e0 Paris. Par Publi\u00e9 le 11052020 \u00e0 20:00 Mis \u00e0 jour le 12052020 \u00e0 07:42 Covid-19 LAllemagne apporte un appui de 3,9 milliards Fcfa aux communes pour faire face \u00e0 la pand\u00e9mie Omer ANIOUVI Le ministre de l\u00e9conomie et des finances, Romuald Wadagni et lambassadeur de la..  La session criminelle du tribunal de Cotonou souvre le lundi 15 juin 2020. Cest ce qua annonc\u00e9 le procureur de la R\u00e9publique Mario Metonou ce jeudi 11 juin 2020 \u00e0 la..  R\u00e9\u00e9couter Philosopher avec Rohmer 33 : Fabrice Luchini : Celui qui ma nomm\u00e9, cest Eric Rohmer \u00e9couter 58 min 58 min <img decoding=\"async\" src=\"http:\/\/www.moipourtoi.com\/repupload\/mariealvaronne12.jpg\" alt=\"rencontre avec femmes cotonou\" align=\"center\">-Fr\u00e8re Florent G.B. Priuli, R. Darate, C-H. Rochat Je suis une maman a la recherche des amies a l\u00e9tranger pour le partage et les \u00e9changes did\u00e9es Le contenu auquel vous tentez dacc\u00e9der nexiste pas ou nest plus disponible. Jaccepte de recevoir des offres cibl\u00e9es des partenaires du Lepetitjournal.com <img decoding=\"async\" src=\"http:\/\/www.chapelle-crecy.com\/IMG\/reportages\/tori\/Tori_12-01-2011_7.jpg\" alt=\"rencontre avec femmes cotonou\" align=\"left\"> Militants et sympathisants du Bloc R\u00e9publicain, Ces conditions nenl\u00e8vent pas \u00e0 ces \u00e9lections leurs enjeux. Parce que pendant les 15 jours de campagne, nous m\u00e8nerons nos d\u00e9bats did\u00e9es, la forme sera certes diff\u00e9rente cette fois-ci, mais nous interagirons tout de m\u00eame. Nous partagerons avec vous nos projets pour nos communes \u00e0 travers les m\u00e9dias, radios, t\u00e9l\u00e9visions, presse \u00e9crite, presse en ligne ou encore aux moyens des r\u00e9seaux sociaux. Au Bloc R\u00e9publicain, nous avons mis en place une strat\u00e9gie pour vous entendre en retour, vous \u00e9couter, m\u00eame si de nos pr\u00e9c\u00e9dentes rencontres physiques, nous avons con\u00e7u nos priorit\u00e9s en tenant largement compte de vos pr\u00e9occupations. Malgr\u00e9 les conditions in\u00e9dites du scrutin du 17 mai prochain, au Bloc R\u00e9publicain, nous souhaitons quau cours de cette campagne \u00e9lectorale, triomphe partout le d\u00e9bat did\u00e9es. A Cotonou, \u00e0 Porto-Novo, \u00e0 Calavi, \u00e0 Parakou, \u00e0 Abomey comme \u00e0 Pob\u00e8, \u00e0 Djougou, \u00e0 Bemb\u00e8re\u00e8k\u00e8, \u00e0 Natitingou, \u00e0 Dassa, \u00e0 Lokossa, \u00e0 Aplahou\u00e8, ainsi que dans les autres communes de notre pays, le Bloc R\u00e9publicain, le parti du cheval gagnant, sera pr\u00e9sent. Pour nous, le 17 mai, cest un rendez-vous \u00e0 ne pas manquer. Cest le 17 mai quil faut changer le cours de lhistoire de nos communes. Le tableau des 18 ann\u00e9es de d\u00e9centralisation dans notre pays nest pas encore \u00e0 la hauteur de nos attentes. Nos conseils communaux sont pour la plupart mal g\u00e9r\u00e9s, les ressources mobilis\u00e9es sont distraites dans des d\u00e9penses non essentielles, nos municipalit\u00e9s sont \u00e0 la traine. Pendant ce temps, les administr\u00e9s, nos concitoyens manquent presque de tout, m\u00eame parfois du minimum. Tirant le\u00e7ons de lexp\u00e9rience du pass\u00e9, le Bloc R\u00e9publicain a d\u00e9cid\u00e9 de faire confiance, aux jeunes et aux femmes pour mieux g\u00e9rer nos communes. Les jeunes et les femmes sont nombreux sur nos listes comme vous pouvez le constater. Cest avec cette jeunesse pleine de dynamisme et did\u00e9es nouvelles et ces femmes battantes que nous allons \u00e0 la conqu\u00eate de nos communes. Cest avec eux et vous que nous avons \u00e9labor\u00e9 notre pacte social intitul\u00e9 : Les DIX 10 ENGAGEMENTS DE L\u00c9LU R\u00c9PUBLICAIN. Il retrace notre vision et notre ambition des 6 prochaines ann\u00e9es pour les communes et les municipalit\u00e9s du B\u00e9nin. Des sujets comme la d\u00e9mocratie locale et participative, lemploi des jeunes, lautonomisation des femmes et leur plus grande repr\u00e9sentation.<\/p>\n","protected":false},"excerpt":{"rendered":"<p>rencontre avec femmes cotonou<\/p>\n","protected":false},"author":1,"featured_media":0,"comment_status":"closed","ping_status":"closed","sticky":false,"template":"","format":"standard","meta":{"footnotes":""},"categories":[1],"tags":[],"_links":{"self":[{"href":"https:\/\/dig-stuttgart.de\/info\/wp-json\/wp\/v2\/posts\/7935"}],"collection":[{"href":"https:\/\/dig-stuttgart.de\/info\/wp-json\/wp\/v2\/posts"}],"about":[{"href":"https:\/\/dig-stuttgart.de\/info\/wp-json\/wp\/v2\/types\/post"}],"author":[{"embeddable":true,"href":"https:\/\/dig-stuttgart.de\/info\/wp-json\/wp\/v2\/users\/1"}],"replies":[{"embeddable":true,"href":"https:\/\/dig-stuttgart.de\/info\/wp-json\/wp\/v2\/comments?post=7935"}],"version-history":[{"count":1,"href":"https:\/\/dig-stuttgart.de\/info\/wp-json\/wp\/v2\/posts\/7935\/revisions"}],"predecessor-version":[{"id":7936,"href":"https:\/\/dig-stuttgart.de\/info\/wp-json\/wp\/v2\/posts\/7935\/revisions\/7936"}],"wp:attachment":[{"href":"https:\/\/dig-stuttgart.de\/info\/wp-json\/wp\/v2\/media?parent=7935"}],"wp:term":[{"taxonomy":"category","embeddable":true,"href":"https:\/\/dig-stuttgart.de\/info\/wp-json\/wp\/v2\/categories?post=7935"},{"taxonomy":"post_tag","embeddable":true,"href":"https:\/\/dig-stuttgart.de\/info\/wp-json\/wp\/v2\/tags?post=7935"}],"curies":[{"name":"wp","href":"https:\/\/api.w.org\/{rel}","templated":true}]}}