{"id":7967,"date":"2020-07-08T19:21:43","date_gmt":"2020-07-08T19:21:43","guid":{"rendered":"http:\/\/dig-stuttgart.de\/info\/?p=7967"},"modified":"2020-06-28T16:29:06","modified_gmt":"2020-06-28T16:29:06","slug":"prostituee-landes","status":"publish","type":"post","link":"https:\/\/dig-stuttgart.de\/info\/2020\/07\/08\/prostituee-landes\/","title":{"rendered":"Prostitu\u00e9e Landes"},"content":{"rendered":"<p>Gironde: un vaste r\u00e9seau de prostitu\u00e9es br\u00e9siliennes d\u00e9mantel\u00e9 Espagne : la prostitution sur le papier et dans les faits Le HuffPost 150520 : Initialement pr\u00e9vu le samedi 12 septembre prochain, la 36\u00e8me \u00e9dition du marathon des Ch\u00e2teaux du M\u00e9doc est report\u00e9e au samedi 11 septembre 2021. Ils nont m\u00eame pas conscience des faits qui leur sont reproch\u00e9s. Ils ont \u00e9t\u00e9 recrut\u00e9s sur les r\u00e9seaux par la jeune fille. Elle \u00e9tait pleinement consentante \u00e0 leurs yeux. En Belgique, en Espagne, la prostitution est autoris\u00e9e et encadr\u00e9e. En France on a le droit de se prostituer, mais cest le client qui est sanctionn\u00e9. Avec la banalisation de lacc\u00e8s \u00e0 la pornographie, ces jeunes ne savent plus faire de distinction entre ce qui est interdit ou pas. Bref, tout cela leur paraissait normal et quasi-l\u00e9gal, tente de justifier, d\u00e9pit\u00e9 ma\u00eetre Mani Ayadi, lavocat de deux pr\u00e9venus. Ces cookies sont g\u00e9n\u00e9r\u00e9s par les modules et boutons de partage de r\u00e9seaux sociaux et permettent, lorsque vous les utilisez, dinformer les r\u00e9seaux sociaux de votre visite sur notre site. Ces derniers sont susceptibles de d\u00e9poser des cookies sur votre ordinateur selon les r\u00e8gles de gestion quils ont d\u00e9finies et que nous vous invitons \u00e0 consulter sur leur site. Autoriser D\u00e9sactiver R\u00e9union de concertation \u00e0 M\u00e9rignac autour du PLU communautaire : des principes de territoires.. Face aux r\u00e9alit\u00e9s du quotidien Attentats de Paris et de Bruxelles : Mohamed Abrini arr\u00eat\u00e9 Les professionnels vous accueillent dans le respect des r\u00e8gles sanitaires li\u00e9es \u00e0 la pand\u00e9mie du Covid19. Communaut\u00e9 Urbaine de Bordeaux : une rentr\u00e9e sous le signe de leau Vien pass\u00e9 un bon moment avec moi, je suis disponible lundi \u00e0 samedi \u00e0 Mont de Marsan appelle moi zero six deux 0499849 jesuis tr\u00e8s sympa Un autre regard sur Alzheimer : inauguration des Jardins de lAlouette, \u00e0 Xavier Arnozan Louvrage tr\u00e8s document\u00e9 de lhistorienne allemande se situe au confluent de lhistoire militaire, de lhistoire des genres et des recherches sur lOccupation p 8. Il d\u00e9crit comment la Wehrmacht a organis\u00e9 en France un syst\u00e8me de maisons closes et comment les femmes soup\u00e7onn\u00e9es de proposer des services sexuels non contr\u00f4l\u00e9s hors de ces lieux ont \u00e9t\u00e9 pers\u00e9cut\u00e9s. Jaccepte de recevoir les offres sp\u00e9ciales des partenaires du site 120620 Bordeaux : Rousset et Gleyze avec Hurmic \u00e0 Darwin   <img decoding=\"async\" src=\"http:\/\/marymcdowell.org\/live\/wp-content\/uploads\/2014\/10\/Ghana_Asana-300x225.jpg\" alt=\"prostitu\u00e9e landes\" align=\"center\"> En poursuivant votre navigation sur ce site, vous acceptez lutilisation de cookies pour r\u00e9aliser des statistiques de visites. <img decoding=\"async\" src=\"http:\/\/4.bp.blogspot.com\/-Z5VAZ4uECn0\/VOv64kKLGBI\/AAAAAAAAAZ8\/kwaZ_qM5XZY\/s1600\/34566.jpg\" alt=\"prostitu\u00e9e landes\" align=\"center\"> TripAdvisor LLC nest pas une agence de r\u00e9servation et ne facture aucuns frais de service aux utilisateurs de son site plus TripAdvisor LLC nest pas responsable du contenu dautres sites internet. Les taxes et frais ne sont pas inclus dans les offres. 1m70 64kg brun sportif sex raser jabite seul \u00e0 mont de marsan je recherche une femme qui aime les beaux sexe et qui aime le vrai sex jsuis discret  Benjamin Arnaud, Aur\u00e9lie Berland, Flore Danvide-Visso, Adeline Divoux, Florian Espalieu, Thibaut Faussabry, Matilde Gazave, Arnaud Gruet, Juliette Hay, Nicolas Joly, Anja Maiwald, S\u00e9verine Mermilliod, Juliette Mitoyen et Suzon Tisseau. PanOramas 2014 : deux jours pleins et une Nuit Verte c\u00f4t\u00e9 Rive Droite Personne ne devrait \u00eatre oblig\u00e9 de se prostituer Sarthe Aujourdhui, il ny a plus besoin de grande chose pour vendre ses charmes. Parfois, ils suffit juste dune photo et dune petite annonce sur le Web pour attirer les clients. Cest lexp\u00e9rience faite par un couple de Landais condamn\u00e9 ce lundi par la justice selon Un parking gratuit est \u00e0 votre disposition lors de vos rendez-vous \u00e0 la section. \u03a1\u03bf\u03bb\u03b5\u03be \u03b1\u03bd\u03b4\u03c1\u03b9\u03ba\u03b1 \u03c4\u03b9\u03bc\u03b5\u03c2 \u03c1\u03c5\u03b8\u03bc\u03b9\u03c3\u03c4\u03b7\u03c2 \u03c6\u03bf\u03c1\u03c4\u03b9\u03c3\u03b7\u03c2 \u03b1\u03bd\u03b5\u03bc\u03bf\u03b3\u03b5\u03bd\u03bd\u03b7\u03c4\u03c1\u03b9\u03b1\u03c2 Asset Publisher <img decoding=\"async\" src=\"http:\/\/www.puortaldovt.cf\/cache\/avatars\/82704_1526678820_fr.png\" alt=\"prostitu\u00e9e landes\" align=\"center\"> La Communaut\u00e9 urbaine de Bordeaux CUB confirme la pollution de leau potable.<\/p>\n","protected":false},"excerpt":{"rendered":"<p>prostitu\u00e9e landes<\/p>\n","protected":false},"author":1,"featured_media":0,"comment_status":"closed","ping_status":"closed","sticky":false,"template":"","format":"standard","meta":{"footnotes":""},"categories":[1],"tags":[],"_links":{"self":[{"href":"https:\/\/dig-stuttgart.de\/info\/wp-json\/wp\/v2\/posts\/7967"}],"collection":[{"href":"https:\/\/dig-stuttgart.de\/info\/wp-json\/wp\/v2\/posts"}],"about":[{"href":"https:\/\/dig-stuttgart.de\/info\/wp-json\/wp\/v2\/types\/post"}],"author":[{"embeddable":true,"href":"https:\/\/dig-stuttgart.de\/info\/wp-json\/wp\/v2\/users\/1"}],"replies":[{"embeddable":true,"href":"https:\/\/dig-stuttgart.de\/info\/wp-json\/wp\/v2\/comments?post=7967"}],"version-history":[{"count":1,"href":"https:\/\/dig-stuttgart.de\/info\/wp-json\/wp\/v2\/posts\/7967\/revisions"}],"predecessor-version":[{"id":7968,"href":"https:\/\/dig-stuttgart.de\/info\/wp-json\/wp\/v2\/posts\/7967\/revisions\/7968"}],"wp:attachment":[{"href":"https:\/\/dig-stuttgart.de\/info\/wp-json\/wp\/v2\/media?parent=7967"}],"wp:term":[{"taxonomy":"category","embeddable":true,"href":"https:\/\/dig-stuttgart.de\/info\/wp-json\/wp\/v2\/categories?post=7967"},{"taxonomy":"post_tag","embeddable":true,"href":"https:\/\/dig-stuttgart.de\/info\/wp-json\/wp\/v2\/tags?post=7967"}],"curies":[{"name":"wp","href":"https:\/\/api.w.org\/{rel}","templated":true}]}}