{"id":7975,"date":"2020-07-08T02:40:44","date_gmt":"2020-07-08T02:40:44","guid":{"rendered":"http:\/\/dig-stuttgart.de\/info\/?p=7975"},"modified":"2020-06-28T16:37:28","modified_gmt":"2020-06-28T16:37:28","slug":"tf1-rencontre-des-musulmans","status":"publish","type":"post","link":"https:\/\/dig-stuttgart.de\/info\/2020\/07\/08\/tf1-rencontre-des-musulmans\/","title":{"rendered":"Tf1 Rencontre Des Musulmans"},"content":{"rendered":"<p>  Les lignes blanches cest la pr\u00e9sence de snipers, de mines ou les bombardements intenses Vous parlez davancer, de reculer qui en d\u00e9cide, vous sur le terrain, la r\u00e9daction en chef, quel est l\u00e9change? France-Togo: plus de 18 millions de t\u00e9l\u00e9spectateurs sur TF1 \u03b5\u03be\u03bf\u03c6\u03bb\u03b7\u03c3\u03b7 \u03c4\u03b9\u03bc\u03bf\u03bb\u03bf\u03b3\u03b9\u03c9\u03bd \u03ba\u03b1\u03c4\u03b1 \u03c4\u03b7\u03bd \u03c4\u03c1\u03b1\u03c0\u03b5\u03b6\u03b9\u03ba\u03b7 \u03b1\u03c1\u03b3\u03b9\u03b1 \u03a7\u03c9\u03c1\u03af\u03c2 \u03a6\u03a0\u0391: <img decoding=\"async\" src=\"http:\/\/cdn.purple.fr\/8abf681ae9ba5c1a7da6061d3535b4e5\/static.purple.fr\/2015\/06\/P-71-300x239.jpg\/300x300\/P-71-300x239.jpg\" alt=\"tf1 rencontre des musulmans\" align=\"left\"> Apr\u00e8s la prise dotages, une initiative de soutien aux musulmans D\u00e9couvrez tous les contenus de la r\u00e9daction de Marianne. Le premier mois est gratuit! LInvit\u00e9 de Rencontre le 28 d\u00e9cembre 2017 sur Radio Orient \u00e9tait le vice pr\u00e9sident du Conseil fran\u00e7ais du culte musulman, pr\u00e9sident du Rassemblement des musulmans de France, Anouar Kbibech. TV Je vous quitterai le coeur bris\u00e9 : Jean-Jacques Bourdin \u00e9voque son d\u00e9part de RMC.. Interview de Harry Roselmack, Pr\u00e9sentateur de Sept \u00e0 huit sur TF1 <img decoding=\"async\" src=\"http:\/\/www.tevenorgee.tk\/216-home_default\/epicea-du-colorado.jpg\" alt=\"tf1 rencontre des musulmans\" align=\"right\"> Maya va enfin participer aux Grands Jeux du Miel! Lenjeu est de taille : Maya doit absolument gagner, sinon elle devra livrer tout le miel de sa ruche \u00e0 lImp\u00e9ratrice des abeilles! Charlotte, adolescente de treize ans, vit en province avec son p\u00e8re, modeste artisan, son fr\u00e8re et L\u00e9onne, la bonne.Pour elle, l\u00e9t\u00e9 sannonce sans int\u00e9r\u00eat. Elle ne part pas en vacances et sa seule amie, Lulu, 8 ans, est un v\u00e9ritable pot decolle.. La 31 e Rencontre annuelle des musulmans de France a eu lieu du 18 avril au 21 avril 2014 et rassemble 150 000. <img decoding=\"async\" src=\"http:\/\/www.groupe-tf1.fr\/sites\/default\/files\/mediatheque\/200x200_icone.jpg\" alt=\"tf1 rencontre des musulmans\" align=\"center\"> L\u00c9DUCATION DES JEUNES EST NOTRE PRIORIT\u00c9! SOUTENEZ-NOUS copyright 1999-2020 Saphirnews.com-ISSN 2497-3432-tous droits de reproduction et repr\u00e9sentation r\u00e9serv\u00e9s et strictement limit\u00e9s-D\u00e9claration Cnil n 1139566 Peut-\u00eatre parce que je suis croyante. On ne sait pas. Dans ce m\u00e9tier, quand on pousse beaucoup plus loin, le risque est toujours plus important. Vous vous fixez des limites ou pas?  Avant de profiter pleinement de votre piscine cet \u00e9t\u00e9, il est indispensable de la nettoyer et de traiter leau avant la premi\u00e8re utilisation, mais aussi de lam\u00e9nager et de la relooker pour lui donner un coup de jeune si n\u00e9cessaire.<\/p>\n","protected":false},"excerpt":{"rendered":"<p>tf1 rencontre des musulmans<\/p>\n","protected":false},"author":1,"featured_media":0,"comment_status":"closed","ping_status":"closed","sticky":false,"template":"","format":"standard","meta":{"footnotes":""},"categories":[1],"tags":[],"_links":{"self":[{"href":"https:\/\/dig-stuttgart.de\/info\/wp-json\/wp\/v2\/posts\/7975"}],"collection":[{"href":"https:\/\/dig-stuttgart.de\/info\/wp-json\/wp\/v2\/posts"}],"about":[{"href":"https:\/\/dig-stuttgart.de\/info\/wp-json\/wp\/v2\/types\/post"}],"author":[{"embeddable":true,"href":"https:\/\/dig-stuttgart.de\/info\/wp-json\/wp\/v2\/users\/1"}],"replies":[{"embeddable":true,"href":"https:\/\/dig-stuttgart.de\/info\/wp-json\/wp\/v2\/comments?post=7975"}],"version-history":[{"count":1,"href":"https:\/\/dig-stuttgart.de\/info\/wp-json\/wp\/v2\/posts\/7975\/revisions"}],"predecessor-version":[{"id":7976,"href":"https:\/\/dig-stuttgart.de\/info\/wp-json\/wp\/v2\/posts\/7975\/revisions\/7976"}],"wp:attachment":[{"href":"https:\/\/dig-stuttgart.de\/info\/wp-json\/wp\/v2\/media?parent=7975"}],"wp:term":[{"taxonomy":"category","embeddable":true,"href":"https:\/\/dig-stuttgart.de\/info\/wp-json\/wp\/v2\/categories?post=7975"},{"taxonomy":"post_tag","embeddable":true,"href":"https:\/\/dig-stuttgart.de\/info\/wp-json\/wp\/v2\/tags?post=7975"}],"curies":[{"name":"wp","href":"https:\/\/api.w.org\/{rel}","templated":true}]}}