{"id":7995,"date":"2020-07-08T15:04:55","date_gmt":"2020-07-08T15:04:55","guid":{"rendered":"http:\/\/dig-stuttgart.de\/info\/?p=7995"},"modified":"2020-06-28T16:47:48","modified_gmt":"2020-06-28T16:47:48","slug":"rencontres-delemont","status":"publish","type":"post","link":"https:\/\/dig-stuttgart.de\/info\/2020\/07\/08\/rencontres-delemont\/","title":{"rendered":"Rencontres Delemont"},"content":{"rendered":"<p>Del\u00e9mont en dialecte jurassien : Dl\u00e9mont, en allemand : Delsberg, est le chef-lieu de la R\u00e9publique et Canton du Jura en Suisse, situ\u00e9e au centre du quadrilat\u00e8re form\u00e9 par les villes proches de B\u00e2le 40 km, Bienne 50 km, La Chaux-de-Fonds 60 km et Belfort 65 km. Elle se trouve \u00e0 90 km de Berne, 120 km de Zurich et 200 km de. Del\u00e9mont avec ses 12513 habitants le 10 janvier 2015, est desservie par le rail et par lautoroute A16 Transjurane tron\u00e7on de la Route europ\u00e9enne 27, partiellement ouverte. Cet article a \u00e9t\u00e9 automatiquement import\u00e9 de notre ancien syst\u00e8me de gestion de contenu vers notre nouveau site web. Il est possible quil comporte quelques erreurs de mise en page. Veuillez-nous signaler toute erreur \u00e0 community-feedbacktamedia.ch. Nous vous remercions de votre compr\u00e9hension et votre collaboration. Hommes et couples h\u00e9t\u00e9rosexuel de 20 \u00e0 45 ans dans les cantons de Jura, de Berne et de Neuch\u00e2tel Pour plus dinformation, nous contacter au 032422.96.66. <img decoding=\"async\" src=\"http:\/\/ecx.images-amazon.com\/images\/I\/41AJBBfYzUL._SY300_.jpg\" alt=\"rencontres delemont\" align=\"left\"> CAFF, Centre dAnimation et de Formation pour Femmes Migrantes, Del\u00e9mont, Porrentruy, Jura-Universelles Tous les soirs ainsi que le samedi et le dimanche midi T\u00e9l : 41 032 482 60 30-Fax : 41 032 482 60 27&#8211; Jaccepte de recevoir des infos, des jeux et des offres privil\u00e8ges du site  Avoir une conversation int\u00e9ressante et rencontrer une personne dialogante et tranquile. Rencontre du Groupe des anciens-jeunes de Del\u00e9mont, Week-End <img decoding=\"async\" src=\"http:\/\/static.blancheurope.com\/2017\/10\/Hamidou-Anne-chroniqueur-n%C3%A8gre.jpg\" alt=\"rencontres delemont\" align=\"center\">  Autant chercher une aiguille dans une botte de foin..! Jaime les hommes soign\u00e9s qui ont du styles et bonne situation qui aime le sport  Les rencontres suisses et internationales Del\u00e9montBD : on y rencontre les plus grands dessinateurs du moment au mois de juin. Plus de 8 expositions, 50 auteurs, 60 projections.. <img decoding=\"async\" src=\"http:\/\/files.newsnetz.ch\/bildlegende\/222172\/2670826_pic_970x641.jpg\" alt=\"rencontres delemont\" align=\"right\"> La commune de Tramelan est revenue sur sa d\u00e9cision de ne. 10.06.2020 08:41 De nombreuses inconnues planent sur la pr\u00e9sente \u00e9dition. Selon l\u00e9volution de la pand\u00e9mie de Coronavirus et selon ladaptation ou le maintien des mesures d\u00e9cid\u00e9es par les autorit\u00e9s, Del\u00e9mont-Hollywood pourrait ou pas devoir repenser la forme de sa 12e \u00e9dition, \u00e9ventuellement son calendrier. Couples h\u00e9t\u00e9rosexuel de 48 \u00e0 70 ans dans les cantons de Jura, de Neuch\u00e2tel et de Berne.<\/p>\n","protected":false},"excerpt":{"rendered":"<p>rencontres delemont<\/p>\n","protected":false},"author":1,"featured_media":0,"comment_status":"closed","ping_status":"closed","sticky":false,"template":"","format":"standard","meta":{"footnotes":""},"categories":[1],"tags":[],"_links":{"self":[{"href":"https:\/\/dig-stuttgart.de\/info\/wp-json\/wp\/v2\/posts\/7995"}],"collection":[{"href":"https:\/\/dig-stuttgart.de\/info\/wp-json\/wp\/v2\/posts"}],"about":[{"href":"https:\/\/dig-stuttgart.de\/info\/wp-json\/wp\/v2\/types\/post"}],"author":[{"embeddable":true,"href":"https:\/\/dig-stuttgart.de\/info\/wp-json\/wp\/v2\/users\/1"}],"replies":[{"embeddable":true,"href":"https:\/\/dig-stuttgart.de\/info\/wp-json\/wp\/v2\/comments?post=7995"}],"version-history":[{"count":1,"href":"https:\/\/dig-stuttgart.de\/info\/wp-json\/wp\/v2\/posts\/7995\/revisions"}],"predecessor-version":[{"id":7996,"href":"https:\/\/dig-stuttgart.de\/info\/wp-json\/wp\/v2\/posts\/7995\/revisions\/7996"}],"wp:attachment":[{"href":"https:\/\/dig-stuttgart.de\/info\/wp-json\/wp\/v2\/media?parent=7995"}],"wp:term":[{"taxonomy":"category","embeddable":true,"href":"https:\/\/dig-stuttgart.de\/info\/wp-json\/wp\/v2\/categories?post=7995"},{"taxonomy":"post_tag","embeddable":true,"href":"https:\/\/dig-stuttgart.de\/info\/wp-json\/wp\/v2\/tags?post=7995"}],"curies":[{"name":"wp","href":"https:\/\/api.w.org\/{rel}","templated":true}]}}