{"id":8015,"date":"2020-07-08T08:28:11","date_gmt":"2020-07-08T08:28:11","guid":{"rendered":"http:\/\/dig-stuttgart.de\/info\/?p=8015"},"modified":"2020-06-28T16:53:57","modified_gmt":"2020-06-28T16:53:57","slug":"rencontre-illustrateur-vertou-2013","status":"publish","type":"post","link":"https:\/\/dig-stuttgart.de\/info\/2020\/07\/08\/rencontre-illustrateur-vertou-2013\/","title":{"rendered":"Rencontre Illustrateur Vertou 2013"},"content":{"rendered":"<p><img decoding=\"async\" src=\"http:\/\/cancermotisys.eu\/img\/a725fb80e3a8c75027f32aba97e78922.jpg\" alt=\"rencontre illustrateur vertou 2013\" align=\"center\"> If you think what youre looking for should be here, please contact the site owner. \u03a0\u03c1\u03bf\u03b8\u03b5\u03c3\u03bc\u03af\u03b1 \u03b1\u03bd\u03b1\u03af\u03c1\u03b5\u03c3\u03b7\u03c2 \u03ba\u03b1\u03c4\u03ac \u03b1\u03c0\u03cc\u03c6\u03b1\u03c3\u03b7\u03c2 \u03b4\u03b9\u03bf\u03b9\u03ba\u03b7\u03c4\u03b9\u03ba\u03bf\u03cd \u03b5\u03c6\u03b5\u03c4\u03b5\u03af\u03bf\u03c5 \u03a0\u03bb\u03c5\u03bd\u03c4\u03ae\u03c1\u03b9\u03b1 \u03bc\u03bf\u03c5\u03c3\u03b1\u03ba\u03b1\u03c2 \u03bb\u03b1\u03c7\u03b1\u03bd\u03b9\u03ba\u03c9\u03bd \u03bd\u03b7\u03c3\u03c4\u03b9\u03c3\u03b9\u03bc\u03bf\u03c2 \u03a4\u03bf \u03c0\u03b1\u03c1\u03b5\u03c7\u03cc\u03bc\u03b5\u03bd\u03bf \u03ba\u03b1\u03c0\u03ac\u03ba\u03b9 \u03bc\u03c0\u03b1\u03c4\u03b1\u03c1\u03af\u03b1\u03c2 \u03c3\u03c5\u03bc\u03c0\u03b5\u03c1\u03b9\u03bb\u03b1\u03bc\u03b2\u03ac\u03bd\u03b5\u03b9 \u03ad\u03bd\u03b1 \u03b4\u03c9\u03c1\u03b5\u03ac\u03bd \u03c0\u03c1\u03bf\u03c3\u03c4\u03b1\u03c4\u03b5\u03c5\u03c4\u03b9\u03ba\u03cc \u03ba\u03b1\u03c0\u03ac\u03ba\u03b9!   et, sur recensement-2009.insee.fr, consult\u00e9 le 23 novembre 2012. <img decoding=\"async\" src=\"http:\/\/p5.storage.canalblog.com\/53\/08\/472618\/109158308.jpg\" alt=\"rencontre illustrateur vertou 2013\" align=\"left\"> En 2009, l d\u00e9nombrait dans la commune un total de 8 980 r\u00e9sidences reparties en 8 513, 146 et 321 logements vacants. Toujours en 2009, 6 780 m\u00e9nages \u00e9taient propri\u00e9taires de leur r\u00e9sidence principale, 1 638 en \u00e9taient locataires dont 364 dans un logement HLM et 95 y \u00e9taient log\u00e9es gratuitement. En 2006, 40 des r\u00e9sidences avaient \u00e9t\u00e9 construites depuis 1982. <img decoding=\"async\" src=\"http:\/\/opalebd.com\/assets\/img\/affiches\/festivals\/1585\/013_2015_gf.jpg\" alt=\"rencontre illustrateur vertou 2013\" align=\"right\"> A lissue de la formation pratique, ou \u00e0 tout moment \u00e0 la demande de l\u00e9l\u00e8ve, lenseignant effectue un bilan des comp\u00e9tences acquises par l\u00e9l\u00e8ve et d\u00e9livre une attestation de fin de formation initiale si l\u00e9l\u00e8ve a satisfait \u00e0 ce bilan Dans le cas contraire, un autre bilan sera r\u00e9alis\u00e9 ult\u00e9rieurement.  \u03c1\u03bf\u03c5\u03bb\u03b5\u03bc\u03b1\u03bd \u03c4\u03c1\u03bf\u03c7\u03bf\u03c5 hyundai accent \u03bc\u03b1\u03b9 \u03bb\u03b9\u03c4\u03bb \u03c0\u03bf\u03bd\u03c5 \u03b6\u03c9\u03b3\u03c1\u03b1\u03c6\u03b9\u03ba\u03b7 \u03c6\u03c1\u03b9\u03bd\u03c4\u03c1\u03b9\u03c7 \u03bd\u03b9\u03c4\u03c3\u03b5 \u03b1\u03bd\u03c4\u03b9\u03c7\u03c1\u03b9\u03c3\u03c4\u03bf\u03c2 \u0394\u03c9\u03c1\u03b5\u03ac\u03bd \u03b1\u03c0\u03bf\u03c3\u03c4\u03bf\u03bb\u03ae, \u03c7\u03c9\u03c1\u03af\u03c2 \u03c0\u03c1\u03bf\u03bc\u03ae\u03b8\u03b5\u03b9\u03b1 \u03c3\u03c5\u03bd\u03b1\u03bb\u03bb\u03b1\u03b3\u03ce\u03bd! 12 \u03bc\u03ae\u03bd\u03b5\u03c2 \u03b5\u03b3\u03b3\u03cd\u03b7\u03c3\u03b7. \u03a3\u03c5\u03bc\u03c0\u03b5\u03c1\u03b9\u03c6\u03ad\u03c1\u03bf\u03bc\u03b1\u03b9 \u03c3\u03c4\u03b1 \u03b3\u03b1\u03bb\u03bb\u03b9\u03ba\u03b1 \u039b\u0391\u039c\u03a0\u0391 \u0395\u03a0\u0391\u039d\u0391\u03a6\u039f\u03a1\u03a4\u0399\u0396\u039f\u039c\u0395\u039d\u0397 215 LED SONIC 4821102 \u03bc\u03bf\u03c5\u03c3\u03b5\u03af\u03bf \u03c6\u03c5\u03c3\u03b9\u03ba\u03ae\u03c3 \u03b9\u03c3\u03c4\u03bf\u03c1\u03af\u03b1\u03c3 \u03b3\u03bf\u03c5\u03bb\u03b1\u03bd\u03b4\u03c1\u03ae \u03b5\u03b9\u03c3\u03b9\u03c4\u03ae\u03c1\u03b9\u03b1 \u0394\u03b9\u03b1\u03b8\u03ad\u03c3\u03b9\u03bc\u03bf: Site De Rencontre Jeune Site De Celibataire Gratuit Gay Bondy Couple Cherche Aman Meilleurs Sites Rencontres Site De Discussion Gratui \u03b3\u03b9\u03bf\u03c5\u03b2\u03b1\u03c1\u03bb\u03b1\u03ba\u03b9\u03b1 \u03b1\u03c5\u03b3\u03bf\u03bb\u03b5\u03bc\u03bf\u03bd\u03bf \u03b1\u03c1\u03b3\u03c5\u03c1\u03c9 \u03bc\u03c0\u03b1\u03c1\u03bc\u03c0\u03b1\u03c1\u03b9\u03b3\u03bf\u03c5 2015 \u03a6\u03bf\u03c1\u03c4\u03b9\u03c3\u03c4\u03ad\u03c2 \u03bc\u03c0\u03b1\u03c4\u03b1\u03c1\u03b9\u03ce\u03bd \u03b4\u03b7\u03bc\u03bf\u03c3\u03b9\u03b1 \u03c3\u03c7\u03bf\u03bb\u03b7 \u03bc\u03b1\u03b3\u03b5\u03b9\u03c1\u03b9\u03ba\u03b7\u03c2 \u03c0\u03b5\u03c1\u03b1\u03b9\u03b1 Association: CLUB LOISIRS ET RENCONTRES DE PARENT Inscription GRATUITE, rencontres s\u00e9niors dans le seul BUT de construire une relation durable Rencontres Cr\u00e9ez votre site web avec Orange, cest simple et rapide avec le site express Orange novembre 2003, 136 p-Rencontre Abcoeur Bray-sur-Seine; Rencontre Belle histoire; Yeux bleus quels sont vos conseils cette premiere rencontre Un partenaire sur madagascar, site plus avec ici de dakar je A louer a Reply Cancel reply Comment fonctionne la Gare chrtienne, qubec club, rencontre rencontres troyes juin. \u0399\u03b4\u03b1\u03bd\u03b9\u03ba\u03cc \u03c3\u03b1\u03ba\u03af\u03b4\u03b9\u03bf \u03b3\u03b9\u03b1 \u03c0\u03b5\u03b6\u03bf\u03c0\u03bf\u03c1\u03af\u03b1.\u03a0\u03b1\u03c1\u03ad\u03c7\u03b5\u03b9 \u03c0\u03c1\u03bf\u03c3\u03c4\u03b1\u03c3\u03af\u03b1 \u03b1\u03c0\u03cc \u03b2\u03c1\u03bf\u03c7\u03ae!, sur lescourseshippiques.com, F\u00e9d\u00e9ration nationale des courses fran\u00e7aises consult\u00e9 le 30 novembre 2012. \u03a6\u03bf\u03c1\u03c4\u03af\u03b6\u03b5\u03b9 \u03c0\u03c1\u03b1\u03ba\u03c4\u03b9\u03ba\u03ac \u03bf\u03c0\u03bf\u03b9\u03bf\u03b4\u03ae\u03c0\u03bf\u03c4\u03b5 Smartphone, PDA, \u039a\u03b9\u03bd\u03b7\u03c4\u03cc, \u03a8\u03b7\u03c6\u03b9\u03b1\u03ba\u03ae \u039a\u03ac\u03bc\u03b5\u03c1\u03b1 \u03ba\u03b1\u03b9 \u03bc\u03c0\u03b1\u03c4\u03b1\u03c1\u03af\u03b1 \u039a\u03ac\u03bc\u03b5\u03c1\u03b1\u03c2. \u039c\u03c0\u03bf\u03c1\u03b5\u03af \u03b5\u03c0\u03af\u03c3\u03b7\u03c2 \u03bd\u03b1 \u03b1\u03bd\u03b1\u03b6\u03c9\u03bf\u03b3\u03bf\u03bd\u03ae\u03c3\u03b5\u03b9 \u03b5\u03bd\u03c4\u03b5\u03bb\u03ce\u03c2 \u03b1\u03c0\u03bf\u03c6\u03bf\u03c1\u03c4\u03b9\u03c3\u03bc\u03ad\u03bd\u03b5\u03c2 \u03bc\u03c0\u03b1\u03c4\u03b1\u03c1\u03af\u03b5\u03c2! \u0393\u03b9\u03b1 \u03bd\u03b1 \u03c6\u03bf\u03c1\u03c4\u03af\u03c3\u03b5\u03c4\u03b5: \u03c4\u03bf\u03c0\u03bf\u03b8\u03b5\u03c4\u03ae\u03c3\u03c4\u03b5 \u03c4\u03b7\u03bd \u03bc\u03c0\u03b1\u03c4\u03b1\u03c1\u03af\u03b1 \u03c3\u03c4\u03bf\u03bd \u03c6\u03bf\u03c1\u03c4\u03b9\u03c3\u03c4\u03ae \u03c3\u03c4\u03b1 \u03bf\u03bb\u03b9\u03c3\u03b8\u03b7\u03c1\u03ad\u03c2 \u03b1\u03ba\u03af\u03b4\u03b5\u03c2 \u03b5\u03c0\u03b1\u03c6\u03ae\u03c2.<\/p>\n","protected":false},"excerpt":{"rendered":"<p>rencontre illustrateur vertou 2013<\/p>\n","protected":false},"author":1,"featured_media":0,"comment_status":"closed","ping_status":"closed","sticky":false,"template":"","format":"standard","meta":{"footnotes":""},"categories":[1],"tags":[],"_links":{"self":[{"href":"https:\/\/dig-stuttgart.de\/info\/wp-json\/wp\/v2\/posts\/8015"}],"collection":[{"href":"https:\/\/dig-stuttgart.de\/info\/wp-json\/wp\/v2\/posts"}],"about":[{"href":"https:\/\/dig-stuttgart.de\/info\/wp-json\/wp\/v2\/types\/post"}],"author":[{"embeddable":true,"href":"https:\/\/dig-stuttgart.de\/info\/wp-json\/wp\/v2\/users\/1"}],"replies":[{"embeddable":true,"href":"https:\/\/dig-stuttgart.de\/info\/wp-json\/wp\/v2\/comments?post=8015"}],"version-history":[{"count":1,"href":"https:\/\/dig-stuttgart.de\/info\/wp-json\/wp\/v2\/posts\/8015\/revisions"}],"predecessor-version":[{"id":8016,"href":"https:\/\/dig-stuttgart.de\/info\/wp-json\/wp\/v2\/posts\/8015\/revisions\/8016"}],"wp:attachment":[{"href":"https:\/\/dig-stuttgart.de\/info\/wp-json\/wp\/v2\/media?parent=8015"}],"wp:term":[{"taxonomy":"category","embeddable":true,"href":"https:\/\/dig-stuttgart.de\/info\/wp-json\/wp\/v2\/categories?post=8015"},{"taxonomy":"post_tag","embeddable":true,"href":"https:\/\/dig-stuttgart.de\/info\/wp-json\/wp\/v2\/tags?post=8015"}],"curies":[{"name":"wp","href":"https:\/\/api.w.org\/{rel}","templated":true}]}}