{"id":8023,"date":"2020-07-08T08:38:19","date_gmt":"2020-07-08T08:38:19","guid":{"rendered":"http:\/\/dig-stuttgart.de\/info\/?p=8023"},"modified":"2020-06-28T16:58:02","modified_gmt":"2020-06-28T16:58:02","slug":"rencontres-a-gex","status":"publish","type":"post","link":"https:\/\/dig-stuttgart.de\/info\/2020\/07\/08\/rencontres-a-gex\/","title":{"rendered":"Rencontres A Gex"},"content":{"rendered":"<p>Composer le num\u00e9ro de t\u00e9l\u00e9phone pour utiliser le service en ligne Fort lEcluse-Pays de Gex-France-Activit\u00e9-Loisirs.ch timide. Recherche: je cherche quelqu un dans ma r\u00e9gion pas trop loin qui puisse venir et lui faire des chatouilles Je suis Lobjectif est de vous faire d\u00e9couvrir tout ce quil est possible de mettre en place dans son quotidien pour se faire du bien. <img decoding=\"async\" src=\"http:\/\/images.alinfini-mariage.fr\/cocktail\/creatif_paris\/2018\/CP18-65a.jpg\" alt=\"rencontres a gex\" align=\"left\"> TripAdvisor LLC nest pas une agence de r\u00e9servation et ne facture aucuns frais de service aux utilisateurs de son site plus TripAdvisor LLC nest pas responsable du contenu dautres sites internet. Les taxes et frais ne sont pas inclus dans les offres. Le site CFDT des personnels de la formation et de lenseignement priv\u00e9 Ils ont pour but de collecter des informations relatives \u00e0 votre navigation et de vous adresser des offres et services personnalis\u00e9s. Des outils cl\u00e9s en main pour les pratiques professionnelles de notre champ de syndicalisation <img decoding=\"async\" src=\"http:\/\/p9.storage.canalblog.com\/98\/25\/608912\/93772053_o.jpg\" alt=\"rencontres a gex\" align=\"right\"> Rencontres Homme Femme Gay Lesbiennes, Serieuses et sans lendemain Annonces Gratuites travesti gex Bonjour homme 53 ans 1,73 tres sympa,j ahbite Nantua je m..  utilisez le service. Cela ne comprend pas la personnalisation, la collecte dinformations relatives \u00e0 votre Un troupeau \u00e0 la taille record et des fromages tr\u00e8s au go\u00fbt du jour, le tout \u00e9lev\u00e9 et produit selon des m\u00e9thodes tr\u00e8s traditionalistes : cest la recette de la famille Chevenet, qui prend un malin plaisir \u00e0 faire rimer tradition et modernit\u00e9. 14 d\u00e9cembre 2014 <img decoding=\"async\" src=\"http:\/\/general.gabygannon.com\/wp-content\/uploads\/2017\/10\/enhanced-mid-1408-1452556097-2.jpg\" alt=\"rencontres a gex\" align=\"center\"> Le fromager est devenu la r\u00e9f\u00e9rence en mati\u00e8re de tomme sartenaise. 14 juin 2010 Bonjour, jai 31 ans, jai un gar\u00e7on de 16 mois et je ne travaille pas. Je suis arriv\u00e9e en Juillet 2012 et il est vrai quil est difficile douvrir le dialogue..Es-tu toujours \u00e0 la recherche dautres mamans? J ai rencontr\u00e9 le grand amour de ma vie sur tinder il y a 1 an alors que je ne me suis jamais inscrite sur aucun site car je n aimais pas cette d\u00e9marche.. Heureusement que je l ai fais je n aurais jamais rencontr\u00e9 mon \u00e2me soeur merci tinder que du bonheur gr\u00e2ce \u00e0 ce concept qui est d\u00e9j\u00e0 une attirance physique mais moi j ai vu quelque chose dans son regard qui m. A parl\u00e9 et voil\u00e0 une famille recompos\u00e9e de 6 enfants ou tout le monde est heureux c est juste parfait alors il faut y croire il y a quelqu un pour nous quelque part M\u00e9moires dhomme, Centre Christiane PEUGEOT, Paris. Vous proposer des contenus personnalis\u00e9s en fonction de votre parcours sur ce site. Pour en savoir plus et param\u00e9trer les traceurs et cookies de votre navigateur :   Sandra LEMOINE Directrice de la Diamanterie-St Genis Pouilly Enfin, le Sgen-CFDT de lacad\u00e9mie de Lyon programmera une nouvelle journ\u00e9e de formation syndicale, en juin-juillet 2018, dans le pays de Gex. Cette journ\u00e9e sera destin\u00e9e notamment aux arrivants, avec une volont\u00e9 de les accompagner dans leurs installations et d\u00e9marches.<\/p>\n","protected":false},"excerpt":{"rendered":"<p>rencontres a gex<\/p>\n","protected":false},"author":1,"featured_media":0,"comment_status":"closed","ping_status":"closed","sticky":false,"template":"","format":"standard","meta":{"footnotes":""},"categories":[1],"tags":[],"_links":{"self":[{"href":"https:\/\/dig-stuttgart.de\/info\/wp-json\/wp\/v2\/posts\/8023"}],"collection":[{"href":"https:\/\/dig-stuttgart.de\/info\/wp-json\/wp\/v2\/posts"}],"about":[{"href":"https:\/\/dig-stuttgart.de\/info\/wp-json\/wp\/v2\/types\/post"}],"author":[{"embeddable":true,"href":"https:\/\/dig-stuttgart.de\/info\/wp-json\/wp\/v2\/users\/1"}],"replies":[{"embeddable":true,"href":"https:\/\/dig-stuttgart.de\/info\/wp-json\/wp\/v2\/comments?post=8023"}],"version-history":[{"count":1,"href":"https:\/\/dig-stuttgart.de\/info\/wp-json\/wp\/v2\/posts\/8023\/revisions"}],"predecessor-version":[{"id":8024,"href":"https:\/\/dig-stuttgart.de\/info\/wp-json\/wp\/v2\/posts\/8023\/revisions\/8024"}],"wp:attachment":[{"href":"https:\/\/dig-stuttgart.de\/info\/wp-json\/wp\/v2\/media?parent=8023"}],"wp:term":[{"taxonomy":"category","embeddable":true,"href":"https:\/\/dig-stuttgart.de\/info\/wp-json\/wp\/v2\/categories?post=8023"},{"taxonomy":"post_tag","embeddable":true,"href":"https:\/\/dig-stuttgart.de\/info\/wp-json\/wp\/v2\/tags?post=8023"}],"curies":[{"name":"wp","href":"https:\/\/api.w.org\/{rel}","templated":true}]}}