{"id":8033,"date":"2020-07-08T14:18:32","date_gmt":"2020-07-08T14:18:32","guid":{"rendered":"http:\/\/dig-stuttgart.de\/info\/?p=8033"},"modified":"2020-06-28T17:07:53","modified_gmt":"2020-06-28T17:07:53","slug":"mouvement-partage-et-rencontre","status":"publish","type":"post","link":"https:\/\/dig-stuttgart.de\/info\/2020\/07\/08\/mouvement-partage-et-rencontre\/","title":{"rendered":"Mouvement Partage Et Rencontre"},"content":{"rendered":"<p>Vient de para\u00eetre : Lettres damour, poste restante, La passe du vent, 10, Francis Combes. Repenser les marches des fiert\u00e9s, le d\u00e9fi des associations LGBT La sant\u00e9 a \u00e9t\u00e9 notre priorit\u00e9 absolue ces derniers mois. La culture est notre priorit\u00e9 absolue au moment de la sortie du confinement. Notre pays, certes affaibli, mais modifi\u00e9 profond\u00e9ment, a un d\u00e9sir fort de reconstruction vers un monde diff\u00e9rent o\u00f9 la pens\u00e9e solidaire est au coeur du d\u00e9bat. Pour que notre soci\u00e9t\u00e9 puisse reprendre corps, nous voulons proposer un nouveau mod\u00e8le qui puisse r\u00e9unir les arts, les sciences et l\u00e9ducation avec comme pierre de vo\u00fbte, lunion entre la sant\u00e9 et la culture., Picasso, Paris, Hachette litt\u00e9rature, 2009. En revanche, les missions de Mariane Fers, charg\u00e9e des rencontres et des partenariats, ont forc\u00e9ment diminu\u00e9. Jai mis en suspens la partie sur lorganisation des rencontres publiques, cest tout un volet de mon poste qui a \u00e9t\u00e9 gel\u00e9, dit-elle. Donc, jai profit\u00e9 de ces deux mois pour mettre en ordre mes dossiers et filer des coups de main \u00e0 mes coll\u00e8gues.  Notre raison d\u00eatre du groupe : Prier pour les pr\u00eatres, la paroisse, pour la conversion du monde : Pour et anim\u00e9e par des personnes malades et handicap\u00e9es. A savoir quil existe des astuces pour progresser plus vite! Voir comment.   Julien est \u00e9galement lauteur du livre Le yoga \u00e0 la port\u00e9e de tous \u00c9ditions Favre. Il donne plusieurs cours online en cette p\u00e9riode, deux \u00e0 trois fois par semaine, via le studio de yoga Ooom. Il exerce \u00e9galement au sein de Yogaworks et Yoga Flame \u00e0 Lausanne. Ce nest pas que des bidonvilles : ces magnifiques photos revalorisent limage ternie de Mayotte Rejoindre les Sentinelles de la nature pour un d\u00e9confinement respectueux de lenvironnement France Nature Environnement <img decoding=\"async\" src=\"http:\/\/4.bp.blogspot.com\/-XkJT1lLQfhE\/VEPpnYsAPII\/AAAAAAAAAKE\/WwXKiuJoXQw\/s1600\/Capture%2Bd%E2%80%99e%CC%81cran%2B2014-10-19%2Ba%CC%80%2B18.40.19.png\" alt=\"mouvement partage et rencontre\" align=\"right\"> <img decoding=\"async\" src=\"http:\/\/ugsel.org\/wp-content\/uploads\/2017\/09\/UGSEL-FICHES_PASTORALE_CELEBRER-Duo-2017-Web-F_Page_1.jpg\" alt=\"mouvement partage et rencontre\" align=\"left\"> A loccasion du 350\u00e8me anniversaire de la mort de Saint Vincent de Paul et de Sainte Louise de Marillac : M.S. : Nous sommes pr\u00e9sents dans 11 r\u00e9gions et dans les dioc\u00e8ses du Havre et de Rouen il y a au total 11 \u00e9quipes. Marc Pena : les pilliers de notre programme restent dune grande actualit\u00e9 : solidarit\u00e9, d\u00e9mocratie, environnement. Tr\u00e8s concr\u00e8tement nous allons \u00eatre tr\u00e8s attentifs sur la mont\u00e9e des in\u00e9galit\u00e9s sur la reprise \u00e9conomique. Do\u00f9 une grande attention aux droits des salari\u00e9s. La bataille id\u00e9ologique va \u00eatre rude entre ceux qui veulent retrouver le monde davant en pire, et ceux qui veulent proposer un autre monde. Travailler plus, rogner les cong\u00e9s et les 35 h? Ce sont des id\u00e9es aberrantes et nocives socialement. Les salari\u00e9s ne doivent pas choisir entre perennit\u00e9 de lemploi et conditions de travail. O\u00f9 sont les consommateurs? La demande est aussi faible quen 1929. Il faut donc travailler sur la demande. Nous aurons des propositions, qui tiennent compte des droits des salari\u00e9s et de l\u00e9galit\u00e9 entre les citoyens. Adresse mail ou nom dutilisateur Champ obligatoire <img decoding=\"async\" src=\"http:\/\/notredamehautsegala.livehost.fr\/wp-content\/uploads\/2018\/06\/La-foi-en-questions-bandeau-KT.jpg\" alt=\"mouvement partage et rencontre\" align=\"center\">.<\/p>\n","protected":false},"excerpt":{"rendered":"<p>mouvement partage et rencontre<\/p>\n","protected":false},"author":1,"featured_media":0,"comment_status":"closed","ping_status":"closed","sticky":false,"template":"","format":"standard","meta":{"footnotes":""},"categories":[1],"tags":[],"_links":{"self":[{"href":"https:\/\/dig-stuttgart.de\/info\/wp-json\/wp\/v2\/posts\/8033"}],"collection":[{"href":"https:\/\/dig-stuttgart.de\/info\/wp-json\/wp\/v2\/posts"}],"about":[{"href":"https:\/\/dig-stuttgart.de\/info\/wp-json\/wp\/v2\/types\/post"}],"author":[{"embeddable":true,"href":"https:\/\/dig-stuttgart.de\/info\/wp-json\/wp\/v2\/users\/1"}],"replies":[{"embeddable":true,"href":"https:\/\/dig-stuttgart.de\/info\/wp-json\/wp\/v2\/comments?post=8033"}],"version-history":[{"count":1,"href":"https:\/\/dig-stuttgart.de\/info\/wp-json\/wp\/v2\/posts\/8033\/revisions"}],"predecessor-version":[{"id":8034,"href":"https:\/\/dig-stuttgart.de\/info\/wp-json\/wp\/v2\/posts\/8033\/revisions\/8034"}],"wp:attachment":[{"href":"https:\/\/dig-stuttgart.de\/info\/wp-json\/wp\/v2\/media?parent=8033"}],"wp:term":[{"taxonomy":"category","embeddable":true,"href":"https:\/\/dig-stuttgart.de\/info\/wp-json\/wp\/v2\/categories?post=8033"},{"taxonomy":"post_tag","embeddable":true,"href":"https:\/\/dig-stuttgart.de\/info\/wp-json\/wp\/v2\/tags?post=8033"}],"curies":[{"name":"wp","href":"https:\/\/api.w.org\/{rel}","templated":true}]}}