{"id":8061,"date":"2020-07-08T14:59:13","date_gmt":"2020-07-08T14:59:13","guid":{"rendered":"http:\/\/dig-stuttgart.de\/info\/?p=8061"},"modified":"2020-06-28T17:21:26","modified_gmt":"2020-06-28T17:21:26","slug":"site-de-rencontre-pour-gens-professionnel","status":"publish","type":"post","link":"https:\/\/dig-stuttgart.de\/info\/2020\/07\/08\/site-de-rencontre-pour-gens-professionnel\/","title":{"rendered":"Site De Rencontre Pour Gens Professionnel"},"content":{"rendered":"<p>You can email the site owner to let them know you were blocked. Please include what you were doing when this page came up and the Cloudflare Ray ID found at the bottom of this page. Ce contenu a bien \u00e9t\u00e9 ajout\u00e9 \u00e0 vos favoris dans votre profil! Voir mes favoris Connaissez-vous le concept de la r\u00e9sidence seniors? Pour faire reconna\u00eetre la maladie professionnelle, la caisse primaire dassurance maladie doit constituer un dossier comprenant notamment un avis motiv\u00e9 du m\u00e9decin du travail de votre entreprise et un rapport de votre entreprise permettant dappr\u00e9cier les conditions dexposition au risque professionnel. Votre protection cest aussi notre garantie dun rendez-vous r\u00e9ussi. Nous vous mettons en contact par chat environ 30 minutes avant le rendez-vous. On vous fournit des mots de passe que vous pourrez utiliser \u00e0 tout moment pour nous avertir que tout se passe bien ou \u00e0 linverse que vous ne vous sentez pas en s\u00e9curit\u00e9. Dans le pire des sc\u00e9narios, deux personnes de votre choix seraient imm\u00e9diatement contact\u00e9es. Nous vous envoyons un SMS r\u00e9guli\u00e8rement jusqu\u00e0 ce que vous vous sentiez en s\u00e9curit\u00e9 et que vous d\u00e9cidiez de stopper le processus. <img decoding=\"async\" src=\"http:\/\/www.tanguystuckens.be\/dl\/200px_556122-352919131443063-1236378542-n@2x.jpg\" alt=\"site de rencontre pour gens professionnel\" align=\"left\"> Bonsoir. Je me nomme Gabriella. Je suis a la recherche dun correspondant fran\u00e7ais.contactez moi sur Si vous voulez rencontrer un partenaire s\u00e9rieux, cultiv\u00e9 et \u00e0 laise dans sa vie, choisissez le site de rencontre haut de gamme qui vous correspond et commencez \u00e0 faire des rencontres d\u00e8s maintenant. Bref, tout allait pour le mieux dans le meilleur des mondes. Sauf que Sauf que les nouvelles donn\u00e9es lont amen\u00e9 \u00e0 d\u00e9chanter. Jai fini par d\u00e9couvrir que m\u00eame un aussi bon site que le n\u00f4tre ne pouvait pas r\u00e9aliser les r\u00eaves amoureux que jesp\u00e9rais, a-t-il confi\u00e9.  Un profil dun membre assez attractif vous contacte subitement: \u00e2g\u00e9 de 20 ou 30 ans de moins que les autres membres, physique avantageux et bonne situation professionnel. Cloudflare Ray ID: 5a2493a8e82ce24b Your IP: 171.235.230.185 Performance security by Au fil du temps, \u00e0 force dappliquer les conseils que je d\u00e9couvrais, jai \u00e9labor\u00e9 ma propre m\u00e9thode. Jai mis en place des routines, des actions pr\u00e9cises que je r\u00e9p\u00e9tais \u00e0 chaque fois avec les gens. Jai affin\u00e9 ce que japprenais en le testant en temps r\u00e9el sur le terrain. Bonjour, je mappelle M\u00e9lanie, et je recherche \u00e0 faire des rencontres pour parler plus facilement langlais. Ces solutions de logement r\u00e9sidences sociales, pensions de famille, foyers de travailleurs migrants, foyers de jeunes travailleurs sont li\u00e9es \u00e0 l\u00e9volution des politiques publiques du logement sur la prise en charge des publics en difficult\u00e9s dacc\u00e8s au logement. Bjr je me nomme chris je viens du Burkina faso edutient en licence 1 en science economique et de gestion je veus des amies partout dans le monde pas distinction de langue pationnees du cinema et de la musique Messages post\u00e9s 30 Date dinscription vendredi 16 novembre 2012 Statut Membre Derni\u00e8re intervention 3 d\u00e9cembre 2012 1 <img decoding=\"async\" src=\"http:\/\/www.moselle.cci.fr\/wp-content\/uploads\/2013\/11\/DSC_0028-e1384951786801.jpg\" alt=\"site de rencontre pour gens professionnel\" align=\"right\"> Une fois la porte referm\u00e9e, cest un tourbillon de v\u00eatements, des peaux qui se frottent, deux corps, avides, qui sexplorent..Son envie \u00e9tait aussi grande que la mienne: l\u00e9treinte est \u00e0 la hauteur de mes attentes. Mais lheure tourne et je dois filer. Embarrass\u00e9e, je cherche une sortie honorable: comment ne pas donner suite sans passer pour je ne sais quoi. 15 des adultes am\u00e9ricains ont utilis\u00e9 des applications ou des sites de rencontre, et ces deux derni\u00e8res ann\u00e9es, selon une \u00e9tude du Pew Research Center. La Silicon Valley est un berceau de cr\u00e9ation pour ces dating apps. La culture du travail acharn\u00e9 et lamour de la technologie, propres \u00e0 la r\u00e9gion, donnent des r\u00e9sultats parfois pour le moins surprenants. Il est tr\u00e8s important de bien identifier ses besoins en termes de contacts professionnels afin de pouvoir cibler en cons\u00e9quence les r\u00e9seaux auxquels participer. N\u00e9anmoins, il ne faut pas se laisser enfermer dans une vision \u00e9go\u00efste du r\u00e9seautage. Quil soit r\u00e9el ou virtuel, celui-ci sinscrit dans une relation d\u00e9changes. Le r\u00e9seau professionnel doit se cr\u00e9er de fa\u00e7on large, avec \u00e0 la fois des personnes qui poss\u00e8dent des profils similaires aux n\u00f4tres, et dautres personnes aux profils diff\u00e9rents mais compl\u00e9mentaires 4. Des rencontres physiques aux r\u00e9seaux sociaux professionnels de faire gagner de la visibilit\u00e9 \u00e0 sa soci\u00e9t\u00e9 et \u00e0 sa propre personne ; <img decoding=\"async\" src=\"http:\/\/www.capemploi91.com\/media\/jobekia_2__050069600_1013_25022015.png\" alt=\"site de rencontre pour gens professionnel\" align=\"left\"> Post\u00e9 le Vendredi 3 Mars 2017 \u00e0 19h54 par mili zabo Ensuite, on peut aussi tomber sur un faux profil sur un site de rencontre m\u00e9langeant plusieurs photos de personnes l\u00e9g\u00e8rement diff\u00e9rentes. L\u00e0 aussi, le faux profil a d\u00fb \u00e9prouver toutes les peines du monde \u00e0 r\u00e9unir plusieurs photos de la m\u00eame personne et ne sest pas plus embarrass\u00e9 que \u00e7a en publiant diff\u00e9rentes photos de profil   jaimerais avoir des amis g\u00e9ographes qui veulent visiter le B\u00e9nin Devenir Bilingue est un portail dinformation ind\u00e9pendant. Cr\u00e9\u00e9 et anim\u00e9 par des parents qui consid\u00e8rent lapprentissage des langues \u00e9trang\u00e8res comme un enjeu soci\u00e9tal, il offre des ressources concr\u00e8tes pour aider les francophones \u00e0 apprendre les langues, quel que soit leur \u00e2ge, tout en conservant un excellent fran\u00e7ais. Je suis b\u00e9ninois de 32 ans et je suis \u00e0 la recherche dun correspondant ou dune correspondante pour \u00e9changer.<\/p>\n","protected":false},"excerpt":{"rendered":"<p>site de rencontre pour gens professionnel<\/p>\n","protected":false},"author":1,"featured_media":0,"comment_status":"closed","ping_status":"closed","sticky":false,"template":"","format":"standard","meta":{"footnotes":""},"categories":[1],"tags":[],"_links":{"self":[{"href":"https:\/\/dig-stuttgart.de\/info\/wp-json\/wp\/v2\/posts\/8061"}],"collection":[{"href":"https:\/\/dig-stuttgart.de\/info\/wp-json\/wp\/v2\/posts"}],"about":[{"href":"https:\/\/dig-stuttgart.de\/info\/wp-json\/wp\/v2\/types\/post"}],"author":[{"embeddable":true,"href":"https:\/\/dig-stuttgart.de\/info\/wp-json\/wp\/v2\/users\/1"}],"replies":[{"embeddable":true,"href":"https:\/\/dig-stuttgart.de\/info\/wp-json\/wp\/v2\/comments?post=8061"}],"version-history":[{"count":1,"href":"https:\/\/dig-stuttgart.de\/info\/wp-json\/wp\/v2\/posts\/8061\/revisions"}],"predecessor-version":[{"id":8062,"href":"https:\/\/dig-stuttgart.de\/info\/wp-json\/wp\/v2\/posts\/8061\/revisions\/8062"}],"wp:attachment":[{"href":"https:\/\/dig-stuttgart.de\/info\/wp-json\/wp\/v2\/media?parent=8061"}],"wp:term":[{"taxonomy":"category","embeddable":true,"href":"https:\/\/dig-stuttgart.de\/info\/wp-json\/wp\/v2\/categories?post=8061"},{"taxonomy":"post_tag","embeddable":true,"href":"https:\/\/dig-stuttgart.de\/info\/wp-json\/wp\/v2\/tags?post=8061"}],"curies":[{"name":"wp","href":"https:\/\/api.w.org\/{rel}","templated":true}]}}