{"id":8077,"date":"2020-07-08T16:58:50","date_gmt":"2020-07-08T16:58:50","guid":{"rendered":"http:\/\/dig-stuttgart.de\/info\/?p=8077"},"modified":"2020-06-28T17:27:04","modified_gmt":"2020-06-28T17:27:04","slug":"rencontre-sur-les-changements-climatiques","status":"publish","type":"post","link":"https:\/\/dig-stuttgart.de\/info\/2020\/07\/08\/rencontre-sur-les-changements-climatiques\/","title":{"rendered":"Rencontre Sur Les Changements Climatiques"},"content":{"rendered":"<p>Au final, la D\u00e9claration de Rio regroupe des actions, et rappelle aux Etats leurs droits et responsabilit\u00e9s en mati\u00e8re de gestion des ressources de la plan\u00e8te. Dans la perspective du Forum Politique de Haut Niveau rendez-vous annuel de lONU sur lAgenda 2030 qui se tiendra en juillet 2017, le Comit\u00e9 21, dans le cadre de sa feuille de route 2017, se propose de publier en juin prochain un rapport sur lappropriation des Objectifs de d\u00e9veloppement durable par les acteurs fran\u00e7ais de la soci\u00e9t\u00e9 civile. 3\u00e8me \u00e9dition du colloque Achats Responsables de lObsAR Coll\u00e8ge collectivit\u00e9s : Villes de Bordeaux, Bouc-Bel-Air et Loc-Maria-Plouzan\u00e9 Littoral et changement climatique-Adaptation des c\u00f4tes, des ports et des estuaires au changement climatique <img decoding=\"async\" src=\"http:\/\/betabis.msage-an.fr\/wp-content\/uploads\/2015\/12\/cop-pav-fr-1-e1525699460942-218x150.jpg\" alt=\"rencontre sur les changements climatiques\" align=\"left\">  2\u00e8me atelier du groupe daccompagnement collectif Agenda 21 associatif Les nations signataires de laccord de Paris, qui vise \u00e0 limiter le r\u00e9chauffement climatique, doivent faire plus defforts afin d\u00e9viter la catastrophe qui se profile, alertent des chercheurs. Du 16 au 22 septembre, la Semaine Europ\u00e9enne de la Mobilit\u00e9 proposera de nombreuses manifestations en Pays de la Loire. La conf\u00e9rence aboutit \u00e0 un texte, Lobjectif de Toronto, qui engage les pays participants \u00e0 r\u00e9duire de 20 par rapport \u00e0 ce quils \u00e9taient en 1988 les \u00e9missions de gaz \u00e0 effet de serre dici \u00e0 2005. 1\u00e8res rencontres de la Maison M\u00e9diterran\u00e9enne du Climat AViTeM.org  <img decoding=\"async\" src=\"http:\/\/mapecology.ma\/wp-content\/uploads\/2018\/05\/changement-climatique-pole-sud-M.jpg\" alt=\"rencontre sur les changements climatiques\" align=\"center\"> Le projet JOHANNA visait \u00e0 avancer vers une pr\u00e9diction des co\u00fbts des dommages li\u00e9s aux submersions marines et aux vagues lors des temp\u00eates. L\u00e9quipe du projet pr\u00e9sente ses r\u00e9sultats en images.  Lors des 2e Rencontres nationales Communication d\u00e9veloppement durable de CapCom, les 25 et 26 mars derniers \u00e0 Angers, auquel le Comit\u00e9 21 sest associ\u00e9, une enqu\u00eate r\u00e9alis\u00e9e aupr\u00e8s de directeurs de d\u00e9veloppement durable issus dun panel de la Avec Antoine Nicault, Docteur en biologie et \u00e9cologie, Coordinateur et animateur du GREC-SUD <img decoding=\"async\" src=\"http:\/\/m.brgm.fr\/sites\/default\/files\/galerie_cop21_03.jpg\" alt=\"rencontre sur les changements climatiques\" align=\"left\"> Morgex I: Quatri\u00e8me r\u00e9union du Comit\u00e9 de Pilotage avec pr\u00e9sentation du programme des ateliers th\u00e9matiques transfrontaliers, troisi\u00e8me phase de la d\u00e9marche participative, et du nouveau site internet de lObservatoire de lEspace Mont-Blanc. 6\u00e8me \u00e9dition de la Journ\u00e9e mondiale pour un tourisme responsable Participez au colloque Serge Antoine, ancien pr\u00e9sident du Comit\u00e9 21 Face aux urgences, quelle place pour le long terme? 13 octobre Une manifestation devant la Maison Blanche pour encourager son h\u00f4te \u00e0 ne pas c\u00e9der \u00e0 un retrait des \u00c9tats-Unis de lAccord de Paris.<\/p>\n","protected":false},"excerpt":{"rendered":"<p>rencontre sur les changements climatiques<\/p>\n","protected":false},"author":1,"featured_media":0,"comment_status":"closed","ping_status":"closed","sticky":false,"template":"","format":"standard","meta":{"footnotes":""},"categories":[1],"tags":[],"_links":{"self":[{"href":"https:\/\/dig-stuttgart.de\/info\/wp-json\/wp\/v2\/posts\/8077"}],"collection":[{"href":"https:\/\/dig-stuttgart.de\/info\/wp-json\/wp\/v2\/posts"}],"about":[{"href":"https:\/\/dig-stuttgart.de\/info\/wp-json\/wp\/v2\/types\/post"}],"author":[{"embeddable":true,"href":"https:\/\/dig-stuttgart.de\/info\/wp-json\/wp\/v2\/users\/1"}],"replies":[{"embeddable":true,"href":"https:\/\/dig-stuttgart.de\/info\/wp-json\/wp\/v2\/comments?post=8077"}],"version-history":[{"count":1,"href":"https:\/\/dig-stuttgart.de\/info\/wp-json\/wp\/v2\/posts\/8077\/revisions"}],"predecessor-version":[{"id":8078,"href":"https:\/\/dig-stuttgart.de\/info\/wp-json\/wp\/v2\/posts\/8077\/revisions\/8078"}],"wp:attachment":[{"href":"https:\/\/dig-stuttgart.de\/info\/wp-json\/wp\/v2\/media?parent=8077"}],"wp:term":[{"taxonomy":"category","embeddable":true,"href":"https:\/\/dig-stuttgart.de\/info\/wp-json\/wp\/v2\/categories?post=8077"},{"taxonomy":"post_tag","embeddable":true,"href":"https:\/\/dig-stuttgart.de\/info\/wp-json\/wp\/v2\/tags?post=8077"}],"curies":[{"name":"wp","href":"https:\/\/api.w.org\/{rel}","templated":true}]}}