{"id":8091,"date":"2020-07-08T05:08:04","date_gmt":"2020-07-08T05:08:04","guid":{"rendered":"http:\/\/dig-stuttgart.de\/info\/?p=8091"},"modified":"2020-06-28T17:32:24","modified_gmt":"2020-06-28T17:32:24","slug":"rencontre-pascal-descartes","status":"publish","type":"post","link":"https:\/\/dig-stuttgart.de\/info\/2020\/07\/08\/rencontre-pascal-descartes\/","title":{"rendered":"Rencontre Pascal Descartes"},"content":{"rendered":"<p>Cette ambigu\u00eft\u00e9 du discours sur la culture redouble celle, pr\u00e9c\u00e9demment analys\u00e9e, sur notre nature biologique. Nos incertitudes progressant au m\u00eame rythme que nos connaissances, la prolif\u00e9ration d\u00e9concertante des squelettes anthropo\u00efdes para\u00eet dissoudre les limites naturelles du genre homo. Mais la pal\u00e9oanthropologie contemporaine va beaucoup plus loin : elle affirme quil en est de m\u00eame de ses limites culturelles. Pas plus que les caract\u00e8res anatomiques ou les r\u00e9pertoires locomoteurs, les conduites culturelles ne d\u00e9termineraient plus, nous dit-on, les fronti\u00e8res de lhumanit\u00e9.  Afin de r\u00e9pondre \u00e0 certaines de vos interrogations sur les aspects scientifiques de la maladie \u00e0 coronavirus Covid-19, nous mettons \u00e0 votre disposition des fiches explicatives ainsi que des liens vers des sites que nous vous conseillons de consulter. <img decoding=\"async\" src=\"http:\/\/www.dvdclassik.com\/upload\/images\/affiches\/blaise-pascal.jpeg\" alt=\"rencontre pascal descartes\" align=\"right\"> Ces longues cha\u00eenes de raisons, toutes simples et faciles, dont les g\u00e9om\u00e8tres ont coutume de se servir pour parvenir \u00e0 leurs plus difficiles d\u00e9monstrations, mavaient donn\u00e9 occasion de mimaginer que toutes les choses qui peuvent tomber sous la connaissance des hommes sentresuivent en m\u00eame fa\u00e7on, et que, pourvu seulement quon sabstienne den recevoir aucune pour vraie qui ne le soit, et quon garde toujours lordre quil faut pour les d\u00e9duire les unes des autres, il ny en peut avoir de si \u00e9loign\u00e9es auxquelles enfin on ne parvienne, ni de si cach\u00e9es quon ne d\u00e9couvre M. De Saci se croyant vivre dans un nouveau pays et entendre une nouvelle langue, il se disait en lui-m\u00eame les paroles de saint Augustin : O Dieu de v\u00e9rit\u00e9! ceux qui savent ces subtilit\u00e9s de raisonnement vous sont-ils pour cela plus agr\u00e9ables? Il plaignait ce philosophe qui se piquait et se d\u00e9chirait de toutes parts des \u00e9pines quil se formait, comme saint Augustin dit de lui-m\u00eame quand il \u00e9tait en cet \u00e9tat. Apr\u00e8s une assez longue patience, il dit \u00e0 M. Pascal : <img decoding=\"async\" src=\"http:\/\/photos.gammvert.fr\/v5\/products\/full\/40888-gants-gros-travaux-de-jardin-taille-8-rostaing-2.jpg\" alt=\"rencontre pascal descartes\" align=\"center\"> Dimanche d\u00e9bute la seconde \u00e9dition de la Semaine Cath\u00e9drale. Un \u00e9v\u00e9nement qui par ses concerts spirituels et ses spectacles proposent une halte spirituelle. Sarr\u00eater pour d\u00e9couvrir des figures chr\u00e9tiennes et donner un sens \u00e0 ce temps de pause estivale.  PascalDescartes. Lentretien de M. Descartes avec M. Pascal le.. Critiques Th\u00e9\u00e2tre PascalDescartes. Lentretien de M. Descartes avec M. Pascal le jeune par La pens\u00e9e en action LArchitecture dAujourdhui consacre un article \u00e0 son travail En 2017, il serait pris pour un fou.. Signaler un contenu abusif <img decoding=\"async\" src=\"http:\/\/penopolwy.tk\/wp-content\/uploads\/2017\/07\/marie-claire-diouron-agglo-saint-quay-portrieux.jpg\" alt=\"rencontre pascal descartes\" align=\"center\"> Il y a celle qui ne vieillira pas, car elle a \u00e9t\u00e9 emport\u00e9e trop t\u00f4t. Paris, Stock,1959. Contient aussi : Le P\u00e8re Gustin, roman suite, par Fran\u00e7ois Baillot 9 pages. M\u00e9rim\u00e9e et lImp\u00e9ratrice, par Jean Tournemille 3 pages. Patrice Coirault, folkloriste poitevin de la chanson populaire, par Jean Gourvest 4 pages. Illustrations de Louis Suire. 1 fascicule gr in-8, broch\u00e9. Bon \u00e9tat. Jean-Marie Tremblay, fondateur des Classiques des sciences sociales  Sa m\u00e8re meurt pr\u00e8s dun an plus tard, des suites dun accouchement. Elev\u00e9 par son p\u00e8re, sa grand-m\u00e8re et sa nourrice, il manifeste tr\u00e8s t\u00f4t une vive curiosit\u00e9 intellectuelle. Ne cessant de poser des questions, il est surnomm\u00e9 mon petit philosophe par son p\u00e8re. Andr\u00e9 Capron, membre de lAcad\u00e9mie des sciences et d\u00e9l\u00e9gu\u00e9 aux relations internationales, d\u00e9taille les recommandations faites par les huit acad\u00e9mies aux grandes puissances du monde. Deux sujets ont mobilis\u00e9 lattention des scientifiques : pr\u00e9voir le risque dune pand\u00e9mie et faire face \u00e0 la p\u00e9nurie d\u00e9nergie. \u00c0 cette occasion lInstitut Fran\u00e7ais pr\u00e9sente Lentretien entre M. Descartes et M. Pascal le jeune de Jean-Claude Brisville par la Compagnie des Cama\u00efeux Pratique. LEmbarcad\u00e8re. Vendredi 17 novembre \u00e0 20 h 30. Tarifs : 1210. Contact au 03.85.67.78.15 au nom de laquelle celui-ci va mener un combat embl\u00e9matique \u00e0.<\/p>\n","protected":false},"excerpt":{"rendered":"<p>rencontre pascal descartes<\/p>\n","protected":false},"author":1,"featured_media":0,"comment_status":"closed","ping_status":"closed","sticky":false,"template":"","format":"standard","meta":{"footnotes":""},"categories":[1],"tags":[],"_links":{"self":[{"href":"https:\/\/dig-stuttgart.de\/info\/wp-json\/wp\/v2\/posts\/8091"}],"collection":[{"href":"https:\/\/dig-stuttgart.de\/info\/wp-json\/wp\/v2\/posts"}],"about":[{"href":"https:\/\/dig-stuttgart.de\/info\/wp-json\/wp\/v2\/types\/post"}],"author":[{"embeddable":true,"href":"https:\/\/dig-stuttgart.de\/info\/wp-json\/wp\/v2\/users\/1"}],"replies":[{"embeddable":true,"href":"https:\/\/dig-stuttgart.de\/info\/wp-json\/wp\/v2\/comments?post=8091"}],"version-history":[{"count":1,"href":"https:\/\/dig-stuttgart.de\/info\/wp-json\/wp\/v2\/posts\/8091\/revisions"}],"predecessor-version":[{"id":8092,"href":"https:\/\/dig-stuttgart.de\/info\/wp-json\/wp\/v2\/posts\/8091\/revisions\/8092"}],"wp:attachment":[{"href":"https:\/\/dig-stuttgart.de\/info\/wp-json\/wp\/v2\/media?parent=8091"}],"wp:term":[{"taxonomy":"category","embeddable":true,"href":"https:\/\/dig-stuttgart.de\/info\/wp-json\/wp\/v2\/categories?post=8091"},{"taxonomy":"post_tag","embeddable":true,"href":"https:\/\/dig-stuttgart.de\/info\/wp-json\/wp\/v2\/tags?post=8091"}],"curies":[{"name":"wp","href":"https:\/\/api.w.org\/{rel}","templated":true}]}}