{"id":8103,"date":"2020-07-08T16:22:24","date_gmt":"2020-07-08T16:22:24","guid":{"rendered":"http:\/\/dig-stuttgart.de\/info\/?p=8103"},"modified":"2020-06-28T17:38:36","modified_gmt":"2020-06-28T17:38:36","slug":"programme-rencontres-brel-2011","status":"publish","type":"post","link":"https:\/\/dig-stuttgart.de\/info\/2020\/07\/08\/programme-rencontres-brel-2011\/","title":{"rendered":"Programme Rencontres Brel 2011"},"content":{"rendered":"<p><img decoding=\"async\" src=\"http:\/\/www.duschdrakperiet.cf\/14302-home_default\/coque-iphone-6-plus-6s-if-it-means-to-be-it-will-be.jpg\" alt=\"programme rencontres brel 2011\" align=\"left\">   6 d\u00e9cembre, 9h30, troisi\u00e8me rencontre litt\u00e9raire au Caf\u00e9 de Georges vendredi 16 octobre \u00e0 18h30. La cuisine du sud de lItalie et des \u00celes Stefania Graziano. Sonate de Haendel, pour trompette et orchestre soliste : Jean-Michel Ricquebourg Cette semaine, apr\u00e8s avoir v\u00e9rifi\u00e9 lexistence de Christian Jacob, Livo va dans les manifs pour George Floyd et contre les violences polici\u00e8res. Il y rencontre de.. Prendre soin, penser en f\u00e9ministes le monde dapr\u00e8s 26 24 novembre, 18h30, rencontre avec Paolo Cognetti, 18h30, \u00e0 la m\u00e9diat\u00e8que dEysines. <img decoding=\"async\" src=\"http:\/\/honour.exterminadordechinchesnj.com\/sites\/default\/files\/styles\/full_page\/public\/imagemission\/au_foin_de_la_rue_2015.png\" alt=\"programme rencontres brel 2011\" align=\"center\"> Patrick Bruel : sa vie, ses chansons, ses femmes, ses accusations.. Biographie Le groupe de percussions EKO samba, batucada, rock, samba, reggae est issu de lassociation Batuka Trash, n\u00e9e des musiques traditionnelles br\u00e9siliennes, mais aussi de la culture locale occidentale et notamment des musiques actuelles de Lorraine. Cloudflare Ray ID: 5a23638a7ad9dcb1 Your IP: 117.205.9.178 Performance security by Sud-Is\u00e8re : Saint-Pierre-de-Chartreuse : les Rencontres Brel du 22 au 27 juillet LeDLnordisere LeDLisere Graeme Allwright vient de senvoler, cest le mot quil employait pour \u00e9voquer le moment o\u00f9 il allait mourir.  La chanson Amsterdam est reprise dans une adaptation anglaise par et ; de nombreuses chansons ont \u00e9t\u00e9 reprises dans des versions anglaises par sur ses diff\u00e9rents albums. Elles furent compil\u00e9es sur lalbum Scott Walker Sings Jacques Brel. Un documentaire de Charlotte Rouault Beno\u00eet Bories \u03bf\u03b9\u03ba\u03bf\u03b4\u03bf\u03bc\u03b9\u03ba\u03cc\u03c2 \u03c3\u03c5\u03bd\u03b5\u03c4\u03b1\u03b9\u03c1\u03b9\u03c3\u03bc\u03cc\u03c2 \u03b4\u03b9\u03ba\u03b1\u03c3\u03c4\u03ce\u03bd \u03b5\u03b9\u03c3\u03b1\u03b3\u03b3\u03b5\u03bb\u03ad\u03c9\u03bd \u0391\u03b5\u03c1\u03bf\u03c3\u03c5\u03bc\u03c0\u03b9\u03b5\u03c3\u03c4\u03ad\u03c2 \u03b3\u03c5\u03c1\u03b7 \u03c4\u03b9\u03bc\u03b7 \u03c7\u03bf\u03bd\u03b4\u03c1\u03b9\u03ba\u03b7\u03c2 Auteur interpr\u00e8te amoureux dune g\u00e9n\u00e9ration estampill\u00e9e voix et textes, Yann Denis sest engag\u00e9 depuis huit ans maintenant dans le sillon de Jacques Brel. Son \u00e9cole de la sc\u00e8ne, il la v\u00e9cue \u00e0 Bordeaux en 1990, de pianos-bars en villages-clubs, en parall\u00e8le de ses \u00e9tudes sportives. Il chante tout ou presque, de Lama \u00e0 Reggiani, en passant par B\u00e9caud et bien dautres. Jean-Louis Beydon va laccompagner au piano, pour quil devienne interpr\u00e8te \u00e0 part enti\u00e8re. Il rencontre Fran\u00e7ois Rauber, larrangeur de Brel, qui l\u00e9coute, le conseille et lencourage. La vie parisienne devient une n\u00e9cessit\u00e9 pour avancer. La premi\u00e8re version de La Valse de Brel voit le jour en 2003 \u00e0 Vanves, en formation piano-voix. Puis sencha\u00eenent des prestations durant plusieurs ann\u00e9es en Belgique, en Suisse et \u00e0 travers la France, entre th\u00e9\u00e2tres, centres culturels et conservatoires. Des jeux : atelier de jeu AWALE, structure gonflable pour les enfants Une bonne partie des Festivaliers a brav\u00e9 le mauvais temps pour rester jusqu\u00e0 23h00. Une participation estim\u00e9e dans cette journ\u00e9e entre 150 et 250 personnes. <img decoding=\"async\" src=\"http:\/\/www.memgoforlag.tk\/upload\/podcasts\/photos\/first\/5b4087136dbc13.80764537_mini.jpg\" alt=\"programme rencontres brel 2011\" align=\"right\"> 8 juin 19h00 : Assembl\u00e9e G\u00e9n\u00e9rale au Mus\u00e9e du Vin et de la Vigne de Gradignan Seasons in the Sun en, reprise du Moribond, a \u00e9t\u00e9 class\u00e9e num\u00e9ro un aux \u00c9tats-Unis, au et en. Pour votre confort, apportez un si\u00e8ge pliant. Renseignement : 04.76.08.04.57. Programme Rencontre Brel 2011 andescaracas.edu.ve.<\/p>\n","protected":false},"excerpt":{"rendered":"<p>programme rencontres brel 2011<\/p>\n","protected":false},"author":1,"featured_media":0,"comment_status":"closed","ping_status":"closed","sticky":false,"template":"","format":"standard","meta":{"footnotes":""},"categories":[1],"tags":[],"_links":{"self":[{"href":"https:\/\/dig-stuttgart.de\/info\/wp-json\/wp\/v2\/posts\/8103"}],"collection":[{"href":"https:\/\/dig-stuttgart.de\/info\/wp-json\/wp\/v2\/posts"}],"about":[{"href":"https:\/\/dig-stuttgart.de\/info\/wp-json\/wp\/v2\/types\/post"}],"author":[{"embeddable":true,"href":"https:\/\/dig-stuttgart.de\/info\/wp-json\/wp\/v2\/users\/1"}],"replies":[{"embeddable":true,"href":"https:\/\/dig-stuttgart.de\/info\/wp-json\/wp\/v2\/comments?post=8103"}],"version-history":[{"count":1,"href":"https:\/\/dig-stuttgart.de\/info\/wp-json\/wp\/v2\/posts\/8103\/revisions"}],"predecessor-version":[{"id":8104,"href":"https:\/\/dig-stuttgart.de\/info\/wp-json\/wp\/v2\/posts\/8103\/revisions\/8104"}],"wp:attachment":[{"href":"https:\/\/dig-stuttgart.de\/info\/wp-json\/wp\/v2\/media?parent=8103"}],"wp:term":[{"taxonomy":"category","embeddable":true,"href":"https:\/\/dig-stuttgart.de\/info\/wp-json\/wp\/v2\/categories?post=8103"},{"taxonomy":"post_tag","embeddable":true,"href":"https:\/\/dig-stuttgart.de\/info\/wp-json\/wp\/v2\/tags?post=8103"}],"curies":[{"name":"wp","href":"https:\/\/api.w.org\/{rel}","templated":true}]}}