{"id":8105,"date":"2020-07-08T03:30:31","date_gmt":"2020-07-08T03:30:31","guid":{"rendered":"http:\/\/dig-stuttgart.de\/info\/?p=8105"},"modified":"2020-06-28T17:43:21","modified_gmt":"2020-06-28T17:43:21","slug":"rencontres-photographique-d-arles-2012","status":"publish","type":"post","link":"https:\/\/dig-stuttgart.de\/info\/2020\/07\/08\/rencontres-photographique-d-arles-2012\/","title":{"rendered":"Rencontres Photographique D Arles 2012"},"content":{"rendered":"<p>Ouvrage collectif : Un Mince Vernis de R\u00e9alit\u00e9, pr\u00e9face Michel Poivert, Editions Filigranes. Collections Artoth\u00e8ques Annecy, Auxerre, Chamb\u00e9ry, Grenoble, Lyon, Pau, Pessac, Saint Priest  Galerie Arena, Scandaleux r\u00e9el, Arno Gisinger et Anthony Haughey Ce site a fait lobjet dun d\u00e9p\u00f4t aupr\u00e8s de la CNIL et a \u00e9t\u00e9 enregistr\u00e9 sous le num\u00e9ro dagr\u00e9ment 1108761. Projection de La jet\u00e9e avec laimable autorisation de Argos Films. <img decoding=\"async\" src=\"http:\/\/www.lepoint.fr\/images\/2014\/07\/09\/chiurai-une-2727225-jpg_2371660_660x281.JPG\" alt=\"rencontres photographique d arles 2012\" align=\"left\"> MODERNIT\u00c9 DES PASSIONS, une exposition inaugurale de son nouveau b\u00e2timent avec une collection agn\u00e8s b, s\u00e9lection de photographies de sa collection aux c\u00f4t\u00e9s de travaux d\u00e9tudiants. Artistes nomin\u00e9s par Olga Sviblova : Nikolai Bakharev, Alexander Slussarev Projection 19 mai 2014 Centre Rabelais, Montpellier, France Un regard passionn\u00e9 et positif sur lunivers arctique. Sorties-Loisirs Coronavirus : la 51e \u00e9dition des Rencontres de la photo dArles annul\u00e9e La Provence ils ne vont pas sennuyer cette semaine \u00e0 Breisach, Prix du livre historique : Monograph Vitas Luckus Works. Biography de Margarita Matulyt\u0117 et Tatjana Luckiene-Aldag \u00e9d. Kaunas Photography gallery Lithuanian Art Museum, 2014 Artistes de la Casa de Vel\u00e1zquez. Acad\u00e9mie de France \u00e0 Madrid 2018-Collectif-Google Books Cette pr\u00e9cision a pour but de prendre en compte ce qui rel\u00e8verait de lindividuel et du social, dun apprentissage conscient ou non, du libre arbitre et de la d\u00e9termination, et ce, en accord avec lapproche de Nathalie Heinich 1983.  De grands noms de la photographie ont r\u00e9guli\u00e8rement form\u00e9 des directeurs des Rencontres dArles: Abbas, Guy Le Querrec, Ren\u00e9 Burri, Mary Ellen Mark, Paul Almasy, Antoine dAgata, Martin Parr, Joan Fontcuberta, Jean Mezi\u00e8re etc. La Rentr\u00e9e en Images Jet\u00e9es dans des d\u00e9charges municipales, abandonn\u00e9es dans des caves ou des for\u00eats, recycl\u00e9es parfois en \u0153uvres dart : les 5.500 sculptures de L\u00e9nine qui \u00e9taient autrefois fi\u00e8rement install\u00e9es dans lespace public ukrainien ont aujourdhui toutes \u00e9t\u00e9 d\u00e9mont\u00e9es ou bris\u00e9es. Lexposition pr\u00e9sente les photos accompagn\u00e9es de textes circonstanci\u00e9s de ces g\u00e9ants de pierre, de bronze ou de pl\u00e2tre, qui ne sont plus d\u00e9sormais que des ic\u00f4nes d\u00e9chues. <img decoding=\"async\" src=\"http:\/\/www.arles-guide.com\/var\/arles\/storage\/images\/arles_guide\/events_and_festivals_in_arles_france\/les_suds_a_arles\/suds_2012\/4348-1-eng-GB\/suds_2012.jpg\" alt=\"rencontres photographique d arles 2012\" align=\"right\">  Universit\u00e9 Savoie Mont-Blanc, colloque Corpus de paysage, Chamb\u00e9ry, 2018. <img decoding=\"async\" src=\"http:\/\/vps298502.ovh.net\/wp-content\/uploads\/2012\/07\/G%C3%A9raldineLay-750x400.jpg\" alt=\"rencontres photographique d arles 2012\" align=\"center\"> MON CORPS EST UNE ARME BARRI\u00c8RES B\u00c2TIES POUR LHOMME \u00c0 TRAVERS LEUROPE oct : Paysages Usag\u00e9s Geum Urbanum exposition collective Paysages Fran\u00e7ais, BNF, Paris Laur\u00e9ate Grand Prix du Court-m\u00e9trage 2016, Festival les Entrevues de Belfort Les Rencontres de la photographie d anciennement nomm\u00e9es Rencontres internationales de la photographie dArles sont un estival annuel de, fond\u00e9 en par le photographe arl\u00e9sien, l\u00e9crivain et lhistorien.<\/p>\n","protected":false},"excerpt":{"rendered":"<p>rencontres photographique d arles 2012<\/p>\n","protected":false},"author":1,"featured_media":0,"comment_status":"closed","ping_status":"closed","sticky":false,"template":"","format":"standard","meta":{"footnotes":""},"categories":[1],"tags":[],"_links":{"self":[{"href":"https:\/\/dig-stuttgart.de\/info\/wp-json\/wp\/v2\/posts\/8105"}],"collection":[{"href":"https:\/\/dig-stuttgart.de\/info\/wp-json\/wp\/v2\/posts"}],"about":[{"href":"https:\/\/dig-stuttgart.de\/info\/wp-json\/wp\/v2\/types\/post"}],"author":[{"embeddable":true,"href":"https:\/\/dig-stuttgart.de\/info\/wp-json\/wp\/v2\/users\/1"}],"replies":[{"embeddable":true,"href":"https:\/\/dig-stuttgart.de\/info\/wp-json\/wp\/v2\/comments?post=8105"}],"version-history":[{"count":1,"href":"https:\/\/dig-stuttgart.de\/info\/wp-json\/wp\/v2\/posts\/8105\/revisions"}],"predecessor-version":[{"id":8106,"href":"https:\/\/dig-stuttgart.de\/info\/wp-json\/wp\/v2\/posts\/8105\/revisions\/8106"}],"wp:attachment":[{"href":"https:\/\/dig-stuttgart.de\/info\/wp-json\/wp\/v2\/media?parent=8105"}],"wp:term":[{"taxonomy":"category","embeddable":true,"href":"https:\/\/dig-stuttgart.de\/info\/wp-json\/wp\/v2\/categories?post=8105"},{"taxonomy":"post_tag","embeddable":true,"href":"https:\/\/dig-stuttgart.de\/info\/wp-json\/wp\/v2\/tags?post=8105"}],"curies":[{"name":"wp","href":"https:\/\/api.w.org\/{rel}","templated":true}]}}